{"id":32411,"date":"2021-08-06T10:38:05","date_gmt":"2021-08-06T14:38:05","guid":{"rendered":"https:\/\/folhaderondonianews.com\/news\/?p=32411"},"modified":"2021-08-06T10:38:05","modified_gmt":"2021-08-06T14:38:05","slug":"igp-m-ou-ipca-fixacao-de-um-indice-para-reajuste-dos-alugueis-gera-controversia","status":"publish","type":"post","link":"https:\/\/folhaderondonianews.com\/news\/2021\/08\/06\/igp-m-ou-ipca-fixacao-de-um-indice-para-reajuste-dos-alugueis-gera-controversia\/","title":{"rendered":"IGP-M ou IPCA? Fixa\u00e7\u00e3o de um \u00edndice para reajuste dos alugu\u00e9is gera controv\u00e9rsia"},"content":{"rendered":"<h2 class=\"jota-article__lead\">Tema est\u00e1 no Judici\u00e1rio e no Legislativo. Especialistas criticam atrelamento da revis\u00e3o \u00e0 infla\u00e7\u00e3o.<\/h2>\n<p><strong>JOTA<\/strong> &#8211; Com a crise econ\u00f4mica desencadeada pela pandemia da Covid-19 e a disparada no IGP-M, propriet\u00e1rios e inquilinos que j\u00e1 haviam voltado \u00e0 mesa para renegociar os valores de aluguel passaram a discutir a possibilidade de limitar o reajuste dos contratos, tanto residenciais quanto comerciais, \u00e0 infla\u00e7\u00e3o oficial medida pelo \u00cdndice de Pre\u00e7os ao Consumidor Amplo (IPCA).<\/p>\n<p>O tema foi parar no Judici\u00e1rio e no Legislativo. A mudan\u00e7a est\u00e1 proposta no Projeto de Lei 1026\/21, que aguarda vota\u00e7\u00e3o no Plen\u00e1rio da C\u00e2mara dos Deputados. O\u00a0<a href=\"https:\/\/jota.us8.list-manage.com\/track\/click?u=4911ce1e520f5bf26dd891c79&amp;id=51e4014ea1&amp;e=35846b8f39\" target=\"_blank\" rel=\"noopener noreferrer\" data-saferedirecturl=\"https:\/\/www.google.com\/url?q=https:\/\/jota.us8.list-manage.com\/track\/click?u%3D4911ce1e520f5bf26dd891c79%26id%3D51e4014ea1%26e%3D35846b8f39&amp;source=gmail&amp;ust=1627390878809000&amp;usg=AFQjCNFJW48A0wuxLt2U6yaRD6-2eHm9lA\">PSD tamb\u00e9m ajuizou no dia 21 a ADPF 869<\/a>, no Supremo Tribunal Federal (STF), com o mesmo objetivo.<\/p>\n<p>Especialistas ouvidos pelo\u00a0<span class=\"jota\">JOTA<\/span>, no entanto, consideram a proposta de reajuste pelo IPCA controversa, uma vez que ela pode ferir princ\u00edpios como a autonomia da vontade das partes nos contratos particulares e da interven\u00e7\u00e3o m\u00ednima do Estado nos contratos particulares (artigo 421 do C\u00f3digo Civil). Para a maioria deles, a sa\u00edda para a crise \u00e9, antes de tudo, a negocia\u00e7\u00e3o extrajudicial.<a href=\"https:\/\/www.jota.info\/justica\/igp-m-ou-ipca-fixacao-de-um-indice-para-reajuste-dos-alugueis-gera-controversia-27072021?utm_campaign=jota_info__mais_lidas_da_semana_-_310721&amp;utm_medium=email&amp;utm_source=RD+Station\"><img decoding=\"async\" class=\"wp-image-24705 alignleft lazyload\" data-src=\"https:\/\/folhaderondonianews.com\/news\/wp-content\/uploads\/2019\/09\/continue-lendo2.jpg\" alt=\"\" width=\"103\" height=\"16\" data-srcset=\"https:\/\/folhaderondonianews.com\/news\/wp-content\/uploads\/2019\/09\/continue-lendo2.jpg 433w, https:\/\/folhaderondonianews.com\/news\/wp-content\/uploads\/2019\/09\/continue-lendo2-300x46.jpg 300w\" data-sizes=\"(max-width: 103px) 100vw, 103px\" src=\"data:image\/svg+xml;base64,PHN2ZyB3aWR0aD0iMSIgaGVpZ2h0PSIxIiB4bWxucz0iaHR0cDovL3d3dy53My5vcmcvMjAwMC9zdmciPjwvc3ZnPg==\" style=\"--smush-placeholder-width: 103px; --smush-placeholder-aspect-ratio: 103\/16;\" \/><\/a><\/p>\n<p>&nbsp;<\/p>\n","protected":false},"excerpt":{"rendered":"<div class=\"mh-excerpt\"><p>Tema est\u00e1 no Judici\u00e1rio e no Legislativo. Especialistas criticam atrelamento da revis\u00e3o \u00e0 infla\u00e7\u00e3o.<\/p>\n<\/div>","protected":false},"author":1,"featured_media":32412,"comment_status":"open","ping_status":"closed","sticky":false,"template":"","format":"standard","meta":{"footnotes":""},"categories":[9],"tags":[],"class_list":["post-32411","post","type-post","status-publish","format-standard","has-post-thumbnail","hentry","category-politica"],"_links":{"self":[{"href":"https:\/\/folhaderondonianews.com\/news\/wp-json\/wp\/v2\/posts\/32411","targetHints":{"allow":["GET"]}}],"collection":[{"href":"https:\/\/folhaderondonianews.com\/news\/wp-json\/wp\/v2\/posts"}],"about":[{"href":"https:\/\/folhaderondonianews.com\/news\/wp-json\/wp\/v2\/types\/post"}],"author":[{"embeddable":true,"href":"https:\/\/folhaderondonianews.com\/news\/wp-json\/wp\/v2\/users\/1"}],"replies":[{"embeddable":true,"href":"https:\/\/folhaderondonianews.com\/news\/wp-json\/wp\/v2\/comments?post=32411"}],"version-history":[{"count":0,"href":"https:\/\/folhaderondonianews.com\/news\/wp-json\/wp\/v2\/posts\/32411\/revisions"}],"wp:featuredmedia":[{"embeddable":true,"href":"https:\/\/folhaderondonianews.com\/news\/wp-json\/wp\/v2\/media\/32412"}],"wp:attachment":[{"href":"https:\/\/folhaderondonianews.com\/news\/wp-json\/wp\/v2\/media?parent=32411"}],"wp:term":[{"taxonomy":"category","embeddable":true,"href":"https:\/\/folhaderondonianews.com\/news\/wp-json\/wp\/v2\/categories?post=32411"},{"taxonomy":"post_tag","embeddable":true,"href":"https:\/\/folhaderondonianews.com\/news\/wp-json\/wp\/v2\/tags?post=32411"}],"curies":[{"name":"wp","href":"https:\/\/api.w.org\/{rel}","templated":true}]}}