{"id":32415,"date":"2021-08-10T07:57:50","date_gmt":"2021-08-10T11:57:50","guid":{"rendered":"https:\/\/folhaderondonianews.com\/news\/?p=32415"},"modified":"2021-08-10T08:07:05","modified_gmt":"2021-08-10T12:07:05","slug":"com-blindados-na-frente-do-planalto-marinha-entrega-a-bolsonaro-convite-para-exercicio-militar","status":"publish","type":"post","link":"https:\/\/folhaderondonianews.com\/news\/2021\/08\/10\/com-blindados-na-frente-do-planalto-marinha-entrega-a-bolsonaro-convite-para-exercicio-militar\/","title":{"rendered":"Com blindados na frente do Planalto, Marinha entrega a Bolsonaro convite para exerc\u00edcio militar"},"content":{"rendered":"<div class=\"mc-column content-text active-extra-styles active-capital-letter\" data-block-type=\"unstyled\" data-block-weight=\"28\" data-block-id=\"1\">\n<h3 class=\"content-text__container theme-color-primary-first-letter\" data-track-category=\"Link no Texto\">A Marinha passou com blindados e outros ve\u00edculos militares em frente ao Pal\u00e1cio do Planalto para entregar um convite ao presidente Jair Bolsonaro na manh\u00e3 desta ter\u00e7a-feira (10).<\/h3>\n<\/div>\n<div class=\"wall protected-content\">\n<div class=\"mc-column content-text active-extra-styles \" data-block-type=\"unstyled\" data-block-weight=\"25\" data-block-id=\"2\">\n<p class=\"content-text__container \" data-track-category=\"Link no Texto\" data-track-links=\"\">O convite \u00e9 para Bolsonaro assistir a um exerc\u00edcio militar que ocorre todos os anos na cidade goiana de Formosa, no Entorno de Bras\u00edlia. Bolsonaro recebeu o convite no alto da rampa do pal\u00e1cio, das m\u00e3os de um militar. O presidente estava acompanhado de ministros do governo e dos comandantes de Ex\u00e9rcito, Marinha e Aeron\u00e1utica.<\/p>\n<p data-track-category=\"Link no Texto\" data-track-links=\"\"><a href=\"https:\/\/folhaderondonianews.com\/news\/wp-content\/uploads\/2021\/08\/bolsonaro-tanques.jpg\"><img decoding=\"async\" class=\"alignnone size-full wp-image-32416 lazyload\" data-src=\"https:\/\/folhaderondonianews.com\/news\/wp-content\/uploads\/2021\/08\/bolsonaro-tanques.jpg\" alt=\"\" width=\"640\" height=\"360\" data-srcset=\"https:\/\/folhaderondonianews.com\/news\/wp-content\/uploads\/2021\/08\/bolsonaro-tanques.jpg 640w, https:\/\/folhaderondonianews.com\/news\/wp-content\/uploads\/2021\/08\/bolsonaro-tanques-300x169.jpg 300w\" data-sizes=\"(max-width: 640px) 100vw, 640px\" src=\"data:image\/svg+xml;base64,PHN2ZyB3aWR0aD0iMSIgaGVpZ2h0PSIxIiB4bWxucz0iaHR0cDovL3d3dy53My5vcmcvMjAwMC9zdmciPjwvc3ZnPg==\" style=\"--smush-placeholder-width: 640px; --smush-placeholder-aspect-ratio: 640\/360;\" \/><\/a><\/p>\n<\/div>\n<div class=\"mc-column content-text active-extra-styles \" data-block-type=\"unstyled\" data-block-weight=\"34\" data-block-id=\"4\">\n<p class=\"content-text__container \" data-track-category=\"Link no Texto\" data-track-links=\"\">Na segunda-feira (9), quando veio a p\u00fablico que a Marinha faria uma esp\u00e9cie de desfile para entregar o convite, o presidente da C\u00e2mara, Arthur Lira (PP-AL), classificou a situa\u00e7\u00e3o de uma &#8220;tr\u00e1gica coincid\u00eancia&#8221;.<\/p>\n<\/div>\n<div class=\"mc-column content-text active-extra-styles \" data-block-type=\"unstyled\" data-block-weight=\"47\" data-block-id=\"5\">\n<p class=\"content-text__container \" data-track-category=\"Link no Texto\" data-track-links=\"\">Isso porque estava prevista para esta ter\u00e7a-feira (10) a vota\u00e7\u00e3o da proposta do voto impresso. O texto \u00e9 defendido por Bolsonaro e seus aliados, mas a maioria da C\u00e2mara tem demonstrado que n\u00e3o vai aprovar a proposta. Deputados viram no desfile militar uma esp\u00e9cie de intimida\u00e7\u00e3o.<\/p>\n<\/div>\n<div data-track-category=\"multicontent\" data-track-action=\"ultimo chunk conteudo\" data-track-noninteraction=\"false\" data-track-scroll=\"view\">\n<div class=\"mc-column content-text active-extra-styles \" data-block-type=\"unstyled\" data-block-weight=\"6\" data-block-id=\"6\">\n<p class=\"content-text__container \" data-track-category=\"Link no Texto\" data-track-links=\"\"><em>Esta reportagem est\u00e1 em atualiza\u00e7\u00e3o.<\/em><\/p>\n<\/div>\n<\/div>\n<\/div>\n","protected":false},"excerpt":{"rendered":"<div class=\"mh-excerpt\"><p>A Marinha passou com blindados e outros ve\u00edculos militares em frente ao Pal\u00e1cio do Planalto para entregar um convite ao presidente Jair Bolsonaro na manh\u00e3 desta ter\u00e7a-feira (10).<\/p>\n<\/div>","protected":false},"author":1,"featured_media":32418,"comment_status":"open","ping_status":"closed","sticky":false,"template":"","format":"standard","meta":{"footnotes":""},"categories":[9],"tags":[7032,546,636,3967,7033,7031],"class_list":["post-32415","post","type-post","status-publish","format-standard","has-post-thumbnail","hentry","category-politica","tag-blinados","tag-bolsonaro","tag-brasilia","tag-desfile","tag-ruas","tag-tanques"],"_links":{"self":[{"href":"https:\/\/folhaderondonianews.com\/news\/wp-json\/wp\/v2\/posts\/32415","targetHints":{"allow":["GET"]}}],"collection":[{"href":"https:\/\/folhaderondonianews.com\/news\/wp-json\/wp\/v2\/posts"}],"about":[{"href":"https:\/\/folhaderondonianews.com\/news\/wp-json\/wp\/v2\/types\/post"}],"author":[{"embeddable":true,"href":"https:\/\/folhaderondonianews.com\/news\/wp-json\/wp\/v2\/users\/1"}],"replies":[{"embeddable":true,"href":"https:\/\/folhaderondonianews.com\/news\/wp-json\/wp\/v2\/comments?post=32415"}],"version-history":[{"count":0,"href":"https:\/\/folhaderondonianews.com\/news\/wp-json\/wp\/v2\/posts\/32415\/revisions"}],"wp:featuredmedia":[{"embeddable":true,"href":"https:\/\/folhaderondonianews.com\/news\/wp-json\/wp\/v2\/media\/32418"}],"wp:attachment":[{"href":"https:\/\/folhaderondonianews.com\/news\/wp-json\/wp\/v2\/media?parent=32415"}],"wp:term":[{"taxonomy":"category","embeddable":true,"href":"https:\/\/folhaderondonianews.com\/news\/wp-json\/wp\/v2\/categories?post=32415"},{"taxonomy":"post_tag","embeddable":true,"href":"https:\/\/folhaderondonianews.com\/news\/wp-json\/wp\/v2\/tags?post=32415"}],"curies":[{"name":"wp","href":"https:\/\/api.w.org\/{rel}","templated":true}]}}