{"id":32614,"date":"2021-08-31T19:01:05","date_gmt":"2021-08-31T23:01:05","guid":{"rendered":"https:\/\/folhaderondonianews.com\/news\/?p=32614"},"modified":"2021-08-31T19:01:05","modified_gmt":"2021-08-31T23:01:05","slug":"erasmo-carlos-e-internado-para-tratamento-da-covid-19","status":"publish","type":"post","link":"https:\/\/folhaderondonianews.com\/news\/2021\/08\/31\/erasmo-carlos-e-internado-para-tratamento-da-covid-19\/","title":{"rendered":"Erasmo Carlos \u00e9 internado para tratamento da Covid-19"},"content":{"rendered":"<div class=\"wrapper\">\n<div class=\"materia-title\">\n<h3>Erasmo Carlos havia sido diagnosticado com a doen\u00e7a na \u00faltima semana. Segundo o m\u00e9dico do cantor, a interna\u00e7\u00e3o foi medida de controle da situa\u00e7\u00e3o, que estaria sob controle.<\/h3>\n<\/div>\n<\/div>\n<p>A informa\u00e7\u00e3o foi divulgada pelo perfil do cantor no Instagram. \u201cGostar\u00edamos de informar que Erasmo Carlos precisou ser hospitalizado para continuar tratando a Covid-19. Ele est\u00e1 em observa\u00e7\u00e3o e tendo todos os cuidados que precisa para vencer a doen\u00e7a. Agradecemos muito a torcida, ora\u00e7\u00f5es e carinho de todos os amigos. Continuem vibrando positivo\u201d, disse o comunicado.<\/p>\n<p>Erasmo informou nas redes sociais sobre o diagn\u00f3stico da doen\u00e7a no dia 26 de agosto. Na ocasi\u00e3o, o cantor disse que pegou a doen\u00e7a, \u201cmesmo mantendo todos os cuidados\u201d e com as duas doses da vacina contra a Covid-19.<\/p>\n<p>&nbsp;<\/p>\n","protected":false},"excerpt":{"rendered":"<div class=\"mh-excerpt\"><p>Erasmo Carlos havia sido diagnosticado com a doen\u00e7a na \u00faltima semana. Segundo o m\u00e9dico do cantor, a interna\u00e7\u00e3o foi medida de controle da situa\u00e7\u00e3o, que estaria sob controle.<\/p>\n<\/div>","protected":false},"author":1,"featured_media":32675,"comment_status":"open","ping_status":"closed","sticky":false,"template":"","format":"standard","meta":{"footnotes":""},"categories":[5],"tags":[],"class_list":["post-32614","post","type-post","status-publish","format-standard","has-post-thumbnail","hentry","category-brasil"],"_links":{"self":[{"href":"https:\/\/folhaderondonianews.com\/news\/wp-json\/wp\/v2\/posts\/32614","targetHints":{"allow":["GET"]}}],"collection":[{"href":"https:\/\/folhaderondonianews.com\/news\/wp-json\/wp\/v2\/posts"}],"about":[{"href":"https:\/\/folhaderondonianews.com\/news\/wp-json\/wp\/v2\/types\/post"}],"author":[{"embeddable":true,"href":"https:\/\/folhaderondonianews.com\/news\/wp-json\/wp\/v2\/users\/1"}],"replies":[{"embeddable":true,"href":"https:\/\/folhaderondonianews.com\/news\/wp-json\/wp\/v2\/comments?post=32614"}],"version-history":[{"count":0,"href":"https:\/\/folhaderondonianews.com\/news\/wp-json\/wp\/v2\/posts\/32614\/revisions"}],"wp:featuredmedia":[{"embeddable":true,"href":"https:\/\/folhaderondonianews.com\/news\/wp-json\/wp\/v2\/media\/32675"}],"wp:attachment":[{"href":"https:\/\/folhaderondonianews.com\/news\/wp-json\/wp\/v2\/media?parent=32614"}],"wp:term":[{"taxonomy":"category","embeddable":true,"href":"https:\/\/folhaderondonianews.com\/news\/wp-json\/wp\/v2\/categories?post=32614"},{"taxonomy":"post_tag","embeddable":true,"href":"https:\/\/folhaderondonianews.com\/news\/wp-json\/wp\/v2\/tags?post=32614"}],"curies":[{"name":"wp","href":"https:\/\/api.w.org\/{rel}","templated":true}]}}