{"id":32684,"date":"2021-09-01T15:59:36","date_gmt":"2021-09-01T19:59:36","guid":{"rendered":"https:\/\/folhaderondonianews.com\/news\/?p=32684"},"modified":"2021-09-01T16:06:56","modified_gmt":"2021-09-01T20:06:56","slug":"ji-parana-cuiaba-com-dois-voos-diarios-em-dezembro","status":"publish","type":"post","link":"https:\/\/folhaderondonianews.com\/news\/2021\/09\/01\/ji-parana-cuiaba-com-dois-voos-diarios-em-dezembro\/","title":{"rendered":"Ji-Paran\u00e1\/Cuiab\u00e1 com dois voos di\u00e1rios em dezembro"},"content":{"rendered":"<h2>O primeiro voo ser\u00e1 de madrugada e o segundo voo no in\u00edcio da tarde. Ambos s\u00e3o da Azul Linhas A\u00e9reas.<\/h2>\n<p>&nbsp;<\/p>\n<p>A popula\u00e7\u00e3o de Ji-Paran\u00e1 vai contar com dois voos di\u00e1rios da Azul Linhas A\u00e9reas para Cuiab\u00e1 a partir do dia primeiro.de dezembro. O primeiro voo jato Embraer E95\u00a0 ser\u00e1 \u00e0s 3h30 com chegada a Cuiab\u00e1 \u00e0s 4h04. O segundo voo, tamb\u00e9m Com aerona Embraer E95, sai \u00e0s 14h20 com chegada a Cuiab\u00e1 \u00e0s 15h45. A informa\u00e7\u00e3o foi confirmada agora \u00e0 tarde no site da pr\u00f3pria Azul pela Jitur Turismo, uma parceira da <strong>Folha de Rond\u00f4nia News.<\/strong><\/p>\n","protected":false},"excerpt":{"rendered":"<div class=\"mh-excerpt\"><p>O primeiro voo ser\u00e1 de madrugada e o segundo voo no in\u00edcio da tarde. Ambos s\u00e3o da Azul Linhas A\u00e9reas.<\/p>\n<\/div>","protected":false},"author":1,"featured_media":28678,"comment_status":"open","ping_status":"closed","sticky":false,"template":"","format":"standard","meta":{"footnotes":""},"categories":[5],"tags":[2273,7120,99],"class_list":["post-32684","post","type-post","status-publish","format-standard","has-post-thumbnail","hentry","category-brasil","tag-azul","tag-dois-voos","tag-ji-parana"],"_links":{"self":[{"href":"https:\/\/folhaderondonianews.com\/news\/wp-json\/wp\/v2\/posts\/32684","targetHints":{"allow":["GET"]}}],"collection":[{"href":"https:\/\/folhaderondonianews.com\/news\/wp-json\/wp\/v2\/posts"}],"about":[{"href":"https:\/\/folhaderondonianews.com\/news\/wp-json\/wp\/v2\/types\/post"}],"author":[{"embeddable":true,"href":"https:\/\/folhaderondonianews.com\/news\/wp-json\/wp\/v2\/users\/1"}],"replies":[{"embeddable":true,"href":"https:\/\/folhaderondonianews.com\/news\/wp-json\/wp\/v2\/comments?post=32684"}],"version-history":[{"count":0,"href":"https:\/\/folhaderondonianews.com\/news\/wp-json\/wp\/v2\/posts\/32684\/revisions"}],"wp:featuredmedia":[{"embeddable":true,"href":"https:\/\/folhaderondonianews.com\/news\/wp-json\/wp\/v2\/media\/28678"}],"wp:attachment":[{"href":"https:\/\/folhaderondonianews.com\/news\/wp-json\/wp\/v2\/media?parent=32684"}],"wp:term":[{"taxonomy":"category","embeddable":true,"href":"https:\/\/folhaderondonianews.com\/news\/wp-json\/wp\/v2\/categories?post=32684"},{"taxonomy":"post_tag","embeddable":true,"href":"https:\/\/folhaderondonianews.com\/news\/wp-json\/wp\/v2\/tags?post=32684"}],"curies":[{"name":"wp","href":"https:\/\/api.w.org\/{rel}","templated":true}]}}