{"id":32931,"date":"2021-09-23T09:00:09","date_gmt":"2021-09-23T13:00:09","guid":{"rendered":"https:\/\/folhaderondonianews.com\/news\/?p=32931"},"modified":"2021-09-23T09:38:22","modified_gmt":"2021-09-23T13:38:22","slug":"ji-parana-autorizadas-duplicacoes-da-clovis-arraes-e-seis-de-maio","status":"publish","type":"post","link":"https:\/\/folhaderondonianews.com\/news\/2021\/09\/23\/ji-parana-autorizadas-duplicacoes-da-clovis-arraes-e-seis-de-maio\/","title":{"rendered":"Ji-Paran\u00e1 &#8211; Autorizadas duplica\u00e7\u00f5es da Cl\u00f3vis Arraes e Seis de Maio"},"content":{"rendered":"<h3 class=\"x_MsoNormal\">A Seis de Maio ser\u00e1 duplicada da Casa do Papai Noel at\u00e9 a rua JK; a Cl\u00f3vis Arraes ser\u00e1 duplicada do Banco do Brasil at\u00e9 a Transcontinental;\u00a0 o dinheiro para essas obras \u00e9 emenda do senador Acir Gurgacz.<\/h3>\n<p class=\"x_MsoNormal\">O Prefeito de Ji-Paran\u00e1, Isa\u00fa Fonseca (MDB), assinou, na manh\u00e3 desta quarta-feira (22), a ordem de servi\u00e7o para duplica\u00e7\u00e3o das avenidas Cl\u00f3vis Arraes e Seis de Maio, ambas no primeiro distrito. A obra ser\u00e1 executada com emenda parlamentar do senador Acir Gurgacz (PDT-RO).<\/p>\n<p>O projeto prev\u00ea a duplica\u00e7\u00e3o da avenida Seis de Maio em aproximadamente 600 metros. O trecho compreende da avenida Marechal Rond\u00f4nia tendo como refer\u00eancia a Casa do Papai Noel, no Centro, seguindo em dire\u00e7\u00e3o ao Gerivald\u00e3o, atravessa a avenida Transcontinental\u00a0 at\u00e9 a rua JK, no bairro Casa Preta. Na avenida Cl\u00f3vis Arraes (antiga Vilagran Cabrita) a duplica\u00e7\u00e3o vai concluir o trecho que falta da avenida Marechal Rondon, tendo como refer\u00eancia o Banco do Brasil, at\u00e9 a avenida Transcontinental &#8211; algo em torno de 300 metros.<\/p>\n<p>&#8220;Essas duplica\u00e7\u00f5es v\u00e3o facilitar a vida dos motoristas evitando congestionamentos tanto para quem pretende acessar a Transcontinental para ir ao Segundo Distrito, como quem pretende ter acesso ao centro de Ji-Paran\u00e1 vindo do segundo Distrito&#8221;, disse Acir Gurgacz, que j\u00e1 foi prefeito de Ji-Paran\u00e1. Acir falou ainda sobre o alargamento da Transcontinental que falta at\u00e9 chegar \u00e0s duas entradas do Anel Vi\u00e1rio e sobre os dois viadutos nos acessos ao Anel Vi\u00e1rio dando mais seguran\u00e7a no tr\u00e2nsito e modernidade a Ji-Paran\u00e1.<\/p>\n<figure id=\"attachment_32933\" aria-describedby=\"caption-attachment-32933\" style=\"width: 640px\" class=\"wp-caption alignnone\"><a href=\"https:\/\/folhaderondonianews.com\/news\/wp-content\/uploads\/2021\/09\/acir-ordem-de-servico-seis-de-maio.jpg\"><img decoding=\"async\" class=\"wp-image-32933 size-full lazyload\" data-src=\"https:\/\/folhaderondonianews.com\/news\/wp-content\/uploads\/2021\/09\/acir-ordem-de-servico-seis-de-maio.jpg\" alt=\"\" width=\"640\" height=\"360\" data-srcset=\"https:\/\/folhaderondonianews.com\/news\/wp-content\/uploads\/2021\/09\/acir-ordem-de-servico-seis-de-maio.jpg 640w, https:\/\/folhaderondonianews.com\/news\/wp-content\/uploads\/2021\/09\/acir-ordem-de-servico-seis-de-maio-300x169.jpg 300w\" data-sizes=\"(max-width: 640px) 100vw, 640px\" src=\"data:image\/svg+xml;base64,PHN2ZyB3aWR0aD0iMSIgaGVpZ2h0PSIxIiB4bWxucz0iaHR0cDovL3d3dy53My5vcmcvMjAwMC9zdmciPjwvc3ZnPg==\" style=\"--smush-placeholder-width: 640px; --smush-placeholder-aspect-ratio: 640\/360;\" \/><\/a><figcaption id=\"caption-attachment-32933\" class=\"wp-caption-text\">Rui Vieira, general Ubiratan Poty, Isa\u00fa Fonseca e Acir Gurgacz.<\/figcaption><\/figure>\n<h3>Agradecimento<\/h3>\n<p class=\"x_MsoNormal\">\u201cO senador Acir Gurgacz n\u00e3o tem medido esfor\u00e7os para investir em melhorias no nosso munic\u00edpio. Por isso, garantiu essa emenda parlamentar, de mais de R$ 2 milh\u00f5es, para a duplica\u00e7\u00e3o dessas importantes avenidas de Ji-Paran\u00e1\u201d, agradeceu o prefeito Isa\u00fa Fonseca.<\/p>\n<p class=\"x_MsoNormal\">Al\u00e9m do prefeito e do senador, assinaram tamb\u00e9m a ordem de servi\u00e7o o secret\u00e1rio de Planejamento de Ji-Paran\u00e1, Rui Vieira, e o diretor-geral do Programa Calha Norte do Minist\u00e9rio da Defesa, general Ubiratan Poty.<\/p>\n<p class=\"x_MsoNormal\">Segundo Rui Vieira a reestrutura\u00e7\u00e3o dessas duas vias \u00e9 aguardada com grande expectativa pela popula\u00e7\u00e3o, especialmente por quem trabalha na regi\u00e3o ou trafega por essas avenidas. &#8220;A duplica\u00e7\u00e3o vai melhorar, significativamente, o fluxo de ve\u00edculos no centro de Ji-Paran\u00e1, reduzindo o tr\u00e2nsito nos hor\u00e1rios de pico\u201d, destacou Rui Vieira, titular da Semplan.<\/p>\n<p class=\"x_MsoNormal\">&#8212;<\/p>\n","protected":false},"excerpt":{"rendered":"<div class=\"mh-excerpt\"><p>A Seis de Maio ser\u00e1 duplicada da Casa do Papai Noel at\u00e9 a rua JK; a Cl\u00f3vis Arraes ser\u00e1 duplicada do Banco do Brasil at\u00e9 a Transcontinental;\u00a0 o dinheiro para essas obras \u00e9 emenda do senador Acir Gurgacz.<\/p>\n<\/div>","protected":false},"author":1,"featured_media":32934,"comment_status":"open","ping_status":"closed","sticky":false,"template":"","format":"standard","meta":{"footnotes":""},"categories":[9],"tags":[801,7159,5596,3641],"class_list":["post-32931","post","type-post","status-publish","format-standard","has-post-thumbnail","hentry","category-politica","tag-acir-gurgacz","tag-general-ubiratan-poty","tag-isau-fonseca","tag-rui-vieira"],"_links":{"self":[{"href":"https:\/\/folhaderondonianews.com\/news\/wp-json\/wp\/v2\/posts\/32931","targetHints":{"allow":["GET"]}}],"collection":[{"href":"https:\/\/folhaderondonianews.com\/news\/wp-json\/wp\/v2\/posts"}],"about":[{"href":"https:\/\/folhaderondonianews.com\/news\/wp-json\/wp\/v2\/types\/post"}],"author":[{"embeddable":true,"href":"https:\/\/folhaderondonianews.com\/news\/wp-json\/wp\/v2\/users\/1"}],"replies":[{"embeddable":true,"href":"https:\/\/folhaderondonianews.com\/news\/wp-json\/wp\/v2\/comments?post=32931"}],"version-history":[{"count":0,"href":"https:\/\/folhaderondonianews.com\/news\/wp-json\/wp\/v2\/posts\/32931\/revisions"}],"wp:featuredmedia":[{"embeddable":true,"href":"https:\/\/folhaderondonianews.com\/news\/wp-json\/wp\/v2\/media\/32934"}],"wp:attachment":[{"href":"https:\/\/folhaderondonianews.com\/news\/wp-json\/wp\/v2\/media?parent=32931"}],"wp:term":[{"taxonomy":"category","embeddable":true,"href":"https:\/\/folhaderondonianews.com\/news\/wp-json\/wp\/v2\/categories?post=32931"},{"taxonomy":"post_tag","embeddable":true,"href":"https:\/\/folhaderondonianews.com\/news\/wp-json\/wp\/v2\/tags?post=32931"}],"curies":[{"name":"wp","href":"https:\/\/api.w.org\/{rel}","templated":true}]}}