{"id":32987,"date":"2021-09-29T19:40:28","date_gmt":"2021-09-29T23:40:28","guid":{"rendered":"https:\/\/folhaderondonianews.com\/news\/?p=32987"},"modified":"2021-09-29T19:40:28","modified_gmt":"2021-09-29T23:40:28","slug":"ambev-vai-aumentar-preco-de-suas-cervejas-em-outubro","status":"publish","type":"post","link":"https:\/\/folhaderondonianews.com\/news\/2021\/09\/29\/ambev-vai-aumentar-preco-de-suas-cervejas-em-outubro\/","title":{"rendered":"Ambev vai aumentar pre\u00e7o de suas cervejas em outubro"},"content":{"rendered":"<h3>Dona de marcas como Skol, Brahma e Colorado, a cervejaria Ambev vai aumentar os pre\u00e7os de seus produtos nos pr\u00f3ximos dias. O reajuste ficar\u00e1 entre 5% e 6%, de acordo com reportagem do jornal Folha de S. Paulo.<\/h3>\n<p>&nbsp;<\/p>\n<p>Donos de bares e restaurantes, bem como a Abrasel, que representa os estabelecimentos do setor, confirmaram o aumento, motivado pela infla\u00e7\u00e3o acumulada nos \u00faltimos 12 meses, de cerca de 10%.<\/p>\n<p>Com 60% de participa\u00e7\u00e3o do mercado brasileiro, a Ambev enviou comunicado enviado a clientes e distribuidores informando que o reajuste vai seguir, \u201cem linhas gerais, a varia\u00e7\u00e3o da infla\u00e7\u00e3o, varia\u00e7\u00e3o de custos, c\u00e2mbio e carga tribut\u00e1ria\u201d.<\/p>\n<p>A empresa acrescentou que os reajustes podem variar entre regi\u00f5es, marcas, embalagens e segmentos. \u201cRefor\u00e7amos o nosso compromisso com a competitividade, visando sempre o volume de vendas\u201d, afirmou a empresa.<\/p>\n<p>&nbsp;<\/p>\n","protected":false},"excerpt":{"rendered":"<div class=\"mh-excerpt\"><p>Dona de marcas como Skol, Brahma e Colorado, a cervejaria Ambev vai aumentar os pre\u00e7os de seus produtos nos pr\u00f3ximos dias. O reajuste ficar\u00e1 entre 5% e 6%, de acordo com reportagem do jornal Folha de S. Paulo.<\/p>\n<\/div>","protected":false},"author":1,"featured_media":32988,"comment_status":"open","ping_status":"closed","sticky":false,"template":"","format":"standard","meta":{"footnotes":""},"categories":[9],"tags":[7165,7166,7167,3366],"class_list":["post-32987","post","type-post","status-publish","format-standard","has-post-thumbnail","hentry","category-politica","tag-ambev","tag-cervejas","tag-outubro","tag-preco"],"_links":{"self":[{"href":"https:\/\/folhaderondonianews.com\/news\/wp-json\/wp\/v2\/posts\/32987","targetHints":{"allow":["GET"]}}],"collection":[{"href":"https:\/\/folhaderondonianews.com\/news\/wp-json\/wp\/v2\/posts"}],"about":[{"href":"https:\/\/folhaderondonianews.com\/news\/wp-json\/wp\/v2\/types\/post"}],"author":[{"embeddable":true,"href":"https:\/\/folhaderondonianews.com\/news\/wp-json\/wp\/v2\/users\/1"}],"replies":[{"embeddable":true,"href":"https:\/\/folhaderondonianews.com\/news\/wp-json\/wp\/v2\/comments?post=32987"}],"version-history":[{"count":0,"href":"https:\/\/folhaderondonianews.com\/news\/wp-json\/wp\/v2\/posts\/32987\/revisions"}],"wp:featuredmedia":[{"embeddable":true,"href":"https:\/\/folhaderondonianews.com\/news\/wp-json\/wp\/v2\/media\/32988"}],"wp:attachment":[{"href":"https:\/\/folhaderondonianews.com\/news\/wp-json\/wp\/v2\/media?parent=32987"}],"wp:term":[{"taxonomy":"category","embeddable":true,"href":"https:\/\/folhaderondonianews.com\/news\/wp-json\/wp\/v2\/categories?post=32987"},{"taxonomy":"post_tag","embeddable":true,"href":"https:\/\/folhaderondonianews.com\/news\/wp-json\/wp\/v2\/tags?post=32987"}],"curies":[{"name":"wp","href":"https:\/\/api.w.org\/{rel}","templated":true}]}}