{"id":33152,"date":"2021-10-19T22:29:56","date_gmt":"2021-10-20T02:29:56","guid":{"rendered":"https:\/\/folhaderondonianews.com\/news\/?p=33152"},"modified":"2021-10-19T22:29:56","modified_gmt":"2021-10-20T02:29:56","slug":"vem-ai-o-natal-esperanca-em-ouro-preto-do-oeste","status":"publish","type":"post","link":"https:\/\/folhaderondonianews.com\/news\/2021\/10\/19\/vem-ai-o-natal-esperanca-em-ouro-preto-do-oeste\/","title":{"rendered":"Vem a\u00ed o Natal Esperan\u00e7a em Ouro Preto do Oeste"},"content":{"rendered":"<h3>Depois de muitos anos ausente,\u00a0 Ouro Preto do Oeste estar\u00e1 novamente no calend\u00e1rio das cidades de Rond\u00f4nia enfeitadas para o Natal.<\/h3>\n<h5><span style=\"color: #000080;\">Roberto Gutierrez\/da Rea\u00e7\u00e3o<\/span><\/h5>\n<p>O resultado de uma parceria entre a prefeitura com a Associa\u00e7\u00e3o Comercial e Industrial da Est\u00e2ncia Tur\u00edstica Ouro Preto do Oeste (Aciop) garante os preparativos para a realiza\u00e7\u00e3o do <strong>Natal Esperan\u00e7a 2021<\/strong>. Essa iniciativa colocar\u00e1 novamente Ouro Preto entre as cidades que mais se destacam durante o <strong>Natal<\/strong> em <strong>Rond\u00f4nia<\/strong>.<\/p>\n<p>A falta de or\u00e7amento espec\u00edfico para despesas com os adere\u00e7os natalinos neste ano sensibilizou a classe empresarial que, junto com o prefeito <strong>Alex Testoni<\/strong>, foi criada uma comiss\u00e3o respons\u00e1vel pela arrecada\u00e7\u00e3o de recursos, cria\u00e7\u00e3o do projeto, fabrica\u00e7\u00e3o dos adere\u00e7os e coloca\u00e7\u00e3o das pe\u00e7as.<\/p>\n<p><strong>Alex Testoni<\/strong> optou por um projeto de execu\u00e7\u00e3o gradativa, ou seja, a cada ano o projeto pode ser agregado novos adere\u00e7os criando mais pontos de visita\u00e7\u00e3o.<\/p>\n<p>\u201cNosso projeto \u00e9 de criar muitos pontos de decora\u00e7\u00e3o natalina em v\u00e1rios setores de Ouro Preto, no entanto, como estamos come\u00e7ando do zero, pois n\u00e3o existia nada de enfeites e n\u00e3o tem dinheiro p\u00fablico nessa etapa, vamos come\u00e7ar com os p\u00e9s no ch\u00e3o, com uma decora\u00e7\u00e3o modesta, mas, moderna, criativa e contempor\u00e2nea\u201d, comentou o prefeito.<\/p>\n<p>A fabrica\u00e7\u00e3o das pe\u00e7as decorativas para as estruturas s\u00e3o todas em metal tubular de alta durabilidade. A m\u00e3o de obra \u00e9 local, assim como a aquisi\u00e7\u00e3o de materiais. Isso barateia custos e mant\u00e9m a circula\u00e7\u00e3o de dinheiro na cidade.\u00a0 \u00a0Esse trabalho tem \u00e0 frente as secretarias de Obras e de A\u00e7\u00e3o Social.<\/p>\n<p>O Bosque Municipal, o hist\u00f3rico Tr\u00eas Coqueiros e o Morro Chico Mendes v\u00e3o receber as pe\u00e7as de decora\u00e7\u00e3o. No morro Chico Mendes ser\u00e1 instalado uma \u00e1rvore de Natal. \u00a0Esse ser\u00e3o os tr\u00eas pontos de visita\u00e7\u00e3o.<\/p>\n<p>Este ano n\u00e3o haver\u00e1 ilumina\u00e7\u00e3o nas ruas, mas, o projeto contempla todos estes detalhes a partir do Natal de 2022.<\/p>\n<p>\u201cGra\u00e7as a Deus estamos vencendo a pandemia e as coisas est\u00e3o melhorando, voltando a um novo normal\u201d, comentou <strong>Alex Testoni,<\/strong> ao dizer que, desde os primeiros meses de 2020 perdemos muitos amigos, conhecidos, parentes, pessoas queridas e amadas para esse v\u00edrus que mostrou ao mundo como somos t\u00e3o fr\u00e1geis, mas, somos t\u00e3o humanos e capazes porque n\u00e3o perdemos a f\u00e9 e a <strong>Esperan\u00e7a<\/strong>, que \u00e9 o nome do nosso <strong>Natal<\/strong>.<\/p>\n<p><span style=\"color: #000080;\"><strong>O prefeito disse ainda que, para celebrar a chegada de 2022, Ouro Preto do Oeste ter\u00e1 uma festa de R\u00e9veillon. Os detalhes sobre a programa\u00e7\u00e3o ser\u00e3o divulgados em breve. <\/strong><\/span><\/p>\n","protected":false},"excerpt":{"rendered":"<div class=\"mh-excerpt\"><p>Depois de muitos anos ausente,\u00a0 Ouro Preto do Oeste estar\u00e1 novamente no calend\u00e1rio da cidades de Rond\u00f4nia enfeitadas para o Natal.<\/p>\n<\/div>","protected":false},"author":1,"featured_media":33153,"comment_status":"open","ping_status":"closed","sticky":false,"template":"","format":"standard","meta":{"footnotes":""},"categories":[9],"tags":[1359,7198,5334,42],"class_list":["post-33152","post","type-post","status-publish","format-standard","has-post-thumbnail","hentry","category-politica","tag-alex-testoni","tag-natal-esperanca","tag-reveillon","tag-rondonia"],"_links":{"self":[{"href":"https:\/\/folhaderondonianews.com\/news\/wp-json\/wp\/v2\/posts\/33152","targetHints":{"allow":["GET"]}}],"collection":[{"href":"https:\/\/folhaderondonianews.com\/news\/wp-json\/wp\/v2\/posts"}],"about":[{"href":"https:\/\/folhaderondonianews.com\/news\/wp-json\/wp\/v2\/types\/post"}],"author":[{"embeddable":true,"href":"https:\/\/folhaderondonianews.com\/news\/wp-json\/wp\/v2\/users\/1"}],"replies":[{"embeddable":true,"href":"https:\/\/folhaderondonianews.com\/news\/wp-json\/wp\/v2\/comments?post=33152"}],"version-history":[{"count":0,"href":"https:\/\/folhaderondonianews.com\/news\/wp-json\/wp\/v2\/posts\/33152\/revisions"}],"wp:featuredmedia":[{"embeddable":true,"href":"https:\/\/folhaderondonianews.com\/news\/wp-json\/wp\/v2\/media\/33153"}],"wp:attachment":[{"href":"https:\/\/folhaderondonianews.com\/news\/wp-json\/wp\/v2\/media?parent=33152"}],"wp:term":[{"taxonomy":"category","embeddable":true,"href":"https:\/\/folhaderondonianews.com\/news\/wp-json\/wp\/v2\/categories?post=33152"},{"taxonomy":"post_tag","embeddable":true,"href":"https:\/\/folhaderondonianews.com\/news\/wp-json\/wp\/v2\/tags?post=33152"}],"curies":[{"name":"wp","href":"https:\/\/api.w.org\/{rel}","templated":true}]}}