{"id":33155,"date":"2021-10-20T16:22:00","date_gmt":"2021-10-20T20:22:00","guid":{"rendered":"https:\/\/folhaderondonianews.com\/news\/?p=33155"},"modified":"2021-10-20T16:33:33","modified_gmt":"2021-10-20T20:33:33","slug":"leo-moraes-admite-que-podera-ser-candidato-a-governador-de-rondonia","status":"publish","type":"post","link":"https:\/\/folhaderondonianews.com\/news\/2021\/10\/20\/leo-moraes-admite-que-podera-ser-candidato-a-governador-de-rondonia\/","title":{"rendered":"Leo Moraes admite que poder\u00e1 ser candidato a governador de Rond\u00f4nia"},"content":{"rendered":"<h2>O pol\u00edtico que na inf\u00e2ncia soltava curica e jogava bola nas ruas de Porto Velho se prepara para disputar o Governo de Rond\u00f4nia.<\/h2>\n<p>Da reda\u00e7\u00e3o &#8211; O deputado federal L\u00e9o Moraes (Podemos-RO) admite que est\u00e1 preparado em todos os sentidos e poder\u00e1 ser candidato a governador de Rond\u00f4nia em 2022. A possibilidade para isso se tornar realidade pode ser encarada com algo natural num processo pol\u00edtico no qual L\u00e9o Moraes est\u00e1 entre os grandes expoentes da nova gera\u00e7\u00e3o de pol\u00edticos em Rond\u00f4nia. A declara\u00e7\u00e3o foi feia ao meio-dia de hoje durante entrevista ao programa A Hora do Povo, na R\u00e1dio Caiari de Porto Velho, o qual \u00e9 apresentado por Arimar Souza de S\u00e1.<\/p>\n<p><strong>Mais nomes<\/strong><\/p>\n<p>O senador Marcos Rog\u00e9rio (DEM-RO) est\u00e1 entre os cotados com poss\u00edvel candidato a governador; o MDB sinaliza com Willames Pimentel ao governo, al\u00e9m do atual governador Marcos Rocha que j\u00e1 disse que pretende disputar a reelei\u00e7\u00e3o ao cargo.<\/p>\n","protected":false},"excerpt":{"rendered":"<div class=\"mh-excerpt\"><p>O pol\u00edtico que na inf\u00e2ncia soltava curica e jogava bola nas ruas de Porto Velho se prepara para disputar o Governo de Rond\u00f4nia.<\/p>\n<\/div>","protected":false},"author":1,"featured_media":33156,"comment_status":"open","ping_status":"closed","sticky":false,"template":"","format":"standard","meta":{"footnotes":""},"categories":[9],"tags":[6889,3001,1229],"class_list":["post-33155","post","type-post","status-publish","format-standard","has-post-thumbnail","hentry","category-politica","tag-6889","tag-governador","tag-leo-moraes"],"_links":{"self":[{"href":"https:\/\/folhaderondonianews.com\/news\/wp-json\/wp\/v2\/posts\/33155","targetHints":{"allow":["GET"]}}],"collection":[{"href":"https:\/\/folhaderondonianews.com\/news\/wp-json\/wp\/v2\/posts"}],"about":[{"href":"https:\/\/folhaderondonianews.com\/news\/wp-json\/wp\/v2\/types\/post"}],"author":[{"embeddable":true,"href":"https:\/\/folhaderondonianews.com\/news\/wp-json\/wp\/v2\/users\/1"}],"replies":[{"embeddable":true,"href":"https:\/\/folhaderondonianews.com\/news\/wp-json\/wp\/v2\/comments?post=33155"}],"version-history":[{"count":0,"href":"https:\/\/folhaderondonianews.com\/news\/wp-json\/wp\/v2\/posts\/33155\/revisions"}],"wp:featuredmedia":[{"embeddable":true,"href":"https:\/\/folhaderondonianews.com\/news\/wp-json\/wp\/v2\/media\/33156"}],"wp:attachment":[{"href":"https:\/\/folhaderondonianews.com\/news\/wp-json\/wp\/v2\/media?parent=33155"}],"wp:term":[{"taxonomy":"category","embeddable":true,"href":"https:\/\/folhaderondonianews.com\/news\/wp-json\/wp\/v2\/categories?post=33155"},{"taxonomy":"post_tag","embeddable":true,"href":"https:\/\/folhaderondonianews.com\/news\/wp-json\/wp\/v2\/tags?post=33155"}],"curies":[{"name":"wp","href":"https:\/\/api.w.org\/{rel}","templated":true}]}}