{"id":33460,"date":"2021-11-23T08:51:14","date_gmt":"2021-11-23T12:51:14","guid":{"rendered":"https:\/\/folhaderondonianews.com\/news\/?p=33460"},"modified":"2021-11-23T08:52:28","modified_gmt":"2021-11-23T12:52:28","slug":"bancada-federal-de-rondonia-quer-prefeitos-dia-1-em-brasilia","status":"publish","type":"post","link":"https:\/\/folhaderondonianews.com\/news\/2021\/11\/23\/bancada-federal-de-rondonia-quer-prefeitos-dia-1-em-brasilia\/","title":{"rendered":"Bancada federal de Rond\u00f4nia quer prefeitos dia 1\u00b0 em Bras\u00edlia"},"content":{"rendered":"<h3>Trata-se de uma grande reuni\u00e3o com prefeitos com o prop\u00f3sito de discutir pautas municipalistas relacionadas \u00e0 libera\u00e7\u00e3o de recursos federais.<\/h3>\n<p>O deputado federal Lucio Mosquini, coordenador da bancada federal de Rond\u00f4nia, convidou por of\u00edcio, atrav\u00e9s da Associa\u00e7\u00e3o Rondoniense de Munic\u00edpios (AROM), todos os prefeitos do estado de Rond\u00f4nia, para uma reuni\u00e3o para tratar sobre conv\u00eanios e emendas parlamentares.<br \/>\nA reuni\u00e3o acontecer\u00e1 no pr\u00f3ximo dia 1\u00ba de dezembro, no audit\u00f3rio do Hotel Plaza em Bras\u00edlia \u00e0s 8 horas.<br \/>\nAl\u00e9m dos prefeitos tamb\u00e9m, a reuni\u00e3o contar\u00e1 com a presen\u00e7a de toda bancada federal que \u00e9 composta pelos seguintes Congressistas: Deputados federais L\u00e9o Morais, Expedito Netto, Mariana Carvalho, L\u00facio Mosquini, Jaqueline Cassol, Silvia Cristina, Dr. Mauro Nazif e Coronel Chris\u00f3stomo, como tamb\u00e9m os tr\u00eas senadores de Rond\u00f4nia, Marcos Rog\u00e9rio, Maria Eliza e Acir Gurcazs, e senador licenciado Conf\u00facio Moura, e o presidente da Arom prefeito C\u00e9lio Lang.<br \/>\nNa pauta do encontro constam seis itens de grande import\u00e2ncia para os munic\u00edpios, segundo explica Mosquini, porque envolve quest\u00f5es t\u00e9cnicas para libera\u00e7\u00e3o de conv\u00eanios e recursos de emendas parlamentares.<\/p>\n<p>A AROM entidade que representa os prefeitos em Rond\u00f4nia, encaminhou convite a todos os prefeitos e pediu a participa\u00e7\u00e3o dos representantes para esclarecer d\u00favidas com os deputados e senadores.<br \/>\nO coordenador da bancada, Deputado Federal Lucio Mosquini explicou que ser\u00e3o tratados assuntos referentes a destina\u00e7\u00e3o de emendas para 2022; pedido de prorroga\u00e7\u00e3o dos restos \u00e0 pagar do governo federal nos exerc\u00edcios dos anos de 2019 e 2020 (Decreto 10.579\/2021); PEC13\/2021 (autor: senador Marcos Rog\u00e9rio); n\u00e3o responsabiliza\u00e7\u00e3o dos gestores municipais (FUNDEB); conv\u00eanios e contratos de repasse com o governo federal; e pagamento royalties de cess\u00e3o onerosa de petr\u00f3leo e g\u00e1s e o rateio entre os entes federados.<\/p>\n<p>O presidente da AROM, C\u00e9lio Lang, elogiou a postura do deputado Lucio Mosquini em convidar todos os prefeitos para esclarecer os pontos da pauta de reuni\u00e3o. \u201c\u00c9 importante a participa\u00e7\u00e3o de todos os prefeitos\u201d, disse C\u00e9lio.<\/p>\n","protected":false},"excerpt":{"rendered":"<div class=\"mh-excerpt\"><p>Trata-se de uma grande reuni\u00e3o com prefeitos com o prop\u00f3sito de discutir pautas municipalistas relacionadas \u00e0 libera\u00e7\u00e3o de recursos federais.<\/p>\n<\/div>","protected":false},"author":1,"featured_media":33461,"comment_status":"open","ping_status":"closed","sticky":false,"template":"","format":"standard","meta":{"footnotes":""},"categories":[9],"tags":[636,188,1396],"class_list":["post-33460","post","type-post","status-publish","format-standard","has-post-thumbnail","hentry","category-politica","tag-brasilia","tag-encontro","tag-prefeitos"],"_links":{"self":[{"href":"https:\/\/folhaderondonianews.com\/news\/wp-json\/wp\/v2\/posts\/33460","targetHints":{"allow":["GET"]}}],"collection":[{"href":"https:\/\/folhaderondonianews.com\/news\/wp-json\/wp\/v2\/posts"}],"about":[{"href":"https:\/\/folhaderondonianews.com\/news\/wp-json\/wp\/v2\/types\/post"}],"author":[{"embeddable":true,"href":"https:\/\/folhaderondonianews.com\/news\/wp-json\/wp\/v2\/users\/1"}],"replies":[{"embeddable":true,"href":"https:\/\/folhaderondonianews.com\/news\/wp-json\/wp\/v2\/comments?post=33460"}],"version-history":[{"count":0,"href":"https:\/\/folhaderondonianews.com\/news\/wp-json\/wp\/v2\/posts\/33460\/revisions"}],"wp:featuredmedia":[{"embeddable":true,"href":"https:\/\/folhaderondonianews.com\/news\/wp-json\/wp\/v2\/media\/33461"}],"wp:attachment":[{"href":"https:\/\/folhaderondonianews.com\/news\/wp-json\/wp\/v2\/media?parent=33460"}],"wp:term":[{"taxonomy":"category","embeddable":true,"href":"https:\/\/folhaderondonianews.com\/news\/wp-json\/wp\/v2\/categories?post=33460"},{"taxonomy":"post_tag","embeddable":true,"href":"https:\/\/folhaderondonianews.com\/news\/wp-json\/wp\/v2\/tags?post=33460"}],"curies":[{"name":"wp","href":"https:\/\/api.w.org\/{rel}","templated":true}]}}