{"id":33472,"date":"2021-11-27T10:00:16","date_gmt":"2021-11-27T14:00:16","guid":{"rendered":"https:\/\/folhaderondonianews.com\/news\/?p=33472"},"modified":"2021-11-27T10:00:16","modified_gmt":"2021-11-27T14:00:16","slug":"mae-e-filha-assassinadas-por-ex-namorado-da-garota","status":"publish","type":"post","link":"https:\/\/folhaderondonianews.com\/news\/2021\/11\/27\/mae-e-filha-assassinadas-por-ex-namorado-da-garota\/","title":{"rendered":"M\u00e3e e filha assassinadas por ex-namorado da garota"},"content":{"rendered":"<h2>O assassino tinha hist\u00f3rico de amea\u00e7as e o comportamento de constante estupidez se agravou ap\u00f3s o fim do relacionamento.<\/h2>\n<p>Dois assassinatos em sequ\u00eancia chocaram os moradores de <strong>Vila Velha<\/strong> (ES) na manh\u00e3 da \u00faltima quinta-feira (26). <strong>Karina Freitas<\/strong>, 20, e <strong>Silvanete dos Santos Freitas,<\/strong> 38, foram mortas pelo ex-namorado de Karina, que n\u00e3o aceitava o fato de ela estar em outro relacionamento, conforme informa\u00e7\u00f5es do site UOL. O assassino, que antes dos crimes estava com a filha \u00fanica que teve com Karine, est\u00e1 foragido.<\/p>\n<p>Segundo a fam\u00edlia, o homem tinha hist\u00f3rico de amea\u00e7as contra Karine, comportamento que se agravou ap\u00f3s o fim do relacionamento. \u201cEle deu um m\u00eas para ela terminar com o cara. Sen\u00e3o, mataria ela. Esse rapaz mora do lado da minha casa. Encontrei com ele na quarta-feira, fui andando junto com ele e, durante todo o caminho, falava que ia fazer alguma coisa com ela e com minha m\u00e3e. Pedi para ele parar com isso, pois estava de cabe\u00e7a quente\u201d, afirmou ao UOL Karolina Freitas, irm\u00e3 g\u00eamea de Karina.<\/p>\n<p>Ontem, o homem foi de moto at\u00e9 a casa de Silvanete, em Zumbi dos Palmares. \u201cEstava tudo planejado. [Ele] Pegou, engatilhou a arma e deu um tiro na cabe\u00e7a da Nete. Meu menino, de quatro anos, viu tudo. Pegou e me abra\u00e7ou. Fiquei com muito medo, pois ele estava transtornado. Achei que fosse atirar na gente\u201d, disse ao UOL Eliz\u00e2ngela dos Santos Freitas, irm\u00e3 de Silvanete e testemunha do crime.<\/p>\n<p>Ap\u00f3s assassinar Silvanete, o homem foi de moto at\u00e9 o local onde Karina trabalhava, um local de reciclagem. O homem chegou \u00e0 empresa e pediu para falar com ela. \u201cDo nada ele pegou a arma e deu um tiro na cabe\u00e7a dela. Ele n\u00e3o ficou nervoso em nenhum momento. Guardou o rev\u00f3lver, montou na moto e foi embora\u201d, disse ao UOL o dono da empresa onde Karina trabalhava.<\/p>\n<div><\/div>\n","protected":false},"excerpt":{"rendered":"<div class=\"mh-excerpt\"><p>O assassino tinha hist\u00f3rico de amea\u00e7as e o comportamento de constante estupidez se agravou ap\u00f3s o fim do relacionamento.<\/p>\n<\/div>","protected":false},"author":1,"featured_media":33473,"comment_status":"open","ping_status":"closed","sticky":false,"template":"","format":"standard","meta":{"footnotes":""},"categories":[11],"tags":[7228,7229,7230],"class_list":["post-33472","post","type-post","status-publish","format-standard","has-post-thumbnail","hentry","category-policia","tag-karina-freitas","tag-silvanete-dos-santos-freitas","tag-vila-velha"],"_links":{"self":[{"href":"https:\/\/folhaderondonianews.com\/news\/wp-json\/wp\/v2\/posts\/33472","targetHints":{"allow":["GET"]}}],"collection":[{"href":"https:\/\/folhaderondonianews.com\/news\/wp-json\/wp\/v2\/posts"}],"about":[{"href":"https:\/\/folhaderondonianews.com\/news\/wp-json\/wp\/v2\/types\/post"}],"author":[{"embeddable":true,"href":"https:\/\/folhaderondonianews.com\/news\/wp-json\/wp\/v2\/users\/1"}],"replies":[{"embeddable":true,"href":"https:\/\/folhaderondonianews.com\/news\/wp-json\/wp\/v2\/comments?post=33472"}],"version-history":[{"count":0,"href":"https:\/\/folhaderondonianews.com\/news\/wp-json\/wp\/v2\/posts\/33472\/revisions"}],"wp:featuredmedia":[{"embeddable":true,"href":"https:\/\/folhaderondonianews.com\/news\/wp-json\/wp\/v2\/media\/33473"}],"wp:attachment":[{"href":"https:\/\/folhaderondonianews.com\/news\/wp-json\/wp\/v2\/media?parent=33472"}],"wp:term":[{"taxonomy":"category","embeddable":true,"href":"https:\/\/folhaderondonianews.com\/news\/wp-json\/wp\/v2\/categories?post=33472"},{"taxonomy":"post_tag","embeddable":true,"href":"https:\/\/folhaderondonianews.com\/news\/wp-json\/wp\/v2\/tags?post=33472"}],"curies":[{"name":"wp","href":"https:\/\/api.w.org\/{rel}","templated":true}]}}