{"id":33542,"date":"2021-12-14T09:03:52","date_gmt":"2021-12-14T13:03:52","guid":{"rendered":"https:\/\/folhaderondonianews.com\/news\/?p=33542"},"modified":"2021-12-14T09:03:52","modified_gmt":"2021-12-14T13:03:52","slug":"filiacao-de-contarato-pode-atrapalhar-chapa-lula-alckmin","status":"publish","type":"post","link":"https:\/\/folhaderondonianews.com\/news\/2021\/12\/14\/filiacao-de-contarato-pode-atrapalhar-chapa-lula-alckmin\/","title":{"rendered":"Filia\u00e7\u00e3o de Contarato pode atrapalhar chapa Lula-Alckmin"},"content":{"rendered":"<div class=\"article__header__subtitle\">\n<h3>Caso senador seja candidato ao governo do ES, disputa deve gerar atrito com atual governador, Renato Casagrande (PSB), que pode buscar reelei\u00e7\u00e3o; PSB \u00e9 um dos partidos com os quais Alckmin discute filia\u00e7\u00e3o para tentar a vice na chapa de Lula.<\/h3>\n<p class=\"text\"><span style=\"color: #000000;\"><strong><a style=\"color: #000000;\" href=\"https:\/\/www.terra.com.br\/noticias\/eleicoes\/filiacao-de-contarato-pode-atrapalhar-chapa-lula-alckmin,3cbc73bae33c1d4c8a57b39461ab8494waxubz7n.html\">Terra<\/a> <\/strong><\/span>&#8211; A movimenta\u00e7\u00e3o pol\u00edtica anunciada hoje pelo senador Fabiano Contarato (ES), trocando a Rede pelo PT, pode se transformar em mais um obst\u00e1culo na forma\u00e7\u00e3o de uma chapa presidencial entre Luiz In\u00e1cio Lula da Silva e Geraldo Alckmin. Com sua filia\u00e7\u00e3o ao PT, passa a ser maior a possibilidade de Contarato disputar o governo do Esp\u00edrito Santo. S\u00f3 que isso atrapalharia os planos pol\u00edticos do governador Renato Casagrande, que \u00e9 candidato \u00e0 reelei\u00e7\u00e3o e um dos principais l\u00edderes nacionais do PSB.<\/p>\n<p class=\"text\">Como a articula\u00e7\u00e3o da chapa Lula-Alckmin envolve a hip\u00f3tese do ex-governador paulista trocar o PSDB pelo PSB, o lan\u00e7amento de uma candidatura petista no Esp\u00edrito Santo poder\u00e1 criar um mal estar pol\u00edtico com a c\u00fapula dos socialistas, j\u00e1 que a reelei\u00e7\u00e3o de Casagrande \u00e9 uma das prioridades do partido para 2022. <a href=\"https:\/\/www.terra.com.br\/noticias\/eleicoes\/filiacao-de-contarato-pode-atrapalhar-chapa-lula-alckmin,3cbc73bae33c1d4c8a57b39461ab8494waxubz7n.html\"><strong><span style=\"color: #ff0000;\">Continue lendo:<\/span><\/strong><\/a><\/p>\n<\/div>\n","protected":false},"excerpt":{"rendered":"<div class=\"mh-excerpt\"><p>Caso senador seja candidato ao governo do ES, disputa deve gerar atrito com atual governador, Renato Casagrande (PSB), que pode buscar reelei\u00e7\u00e3o; PSB \u00e9 um dos partidos com os quais Alckmin discute filia\u00e7\u00e3o para tentar a vice na chapa de Lula.<\/p>\n<\/div>","protected":false},"author":1,"featured_media":33537,"comment_status":"open","ping_status":"closed","sticky":false,"template":"","format":"standard","meta":{"footnotes":""},"categories":[9],"tags":[],"class_list":["post-33542","post","type-post","status-publish","format-standard","has-post-thumbnail","hentry","category-politica"],"_links":{"self":[{"href":"https:\/\/folhaderondonianews.com\/news\/wp-json\/wp\/v2\/posts\/33542","targetHints":{"allow":["GET"]}}],"collection":[{"href":"https:\/\/folhaderondonianews.com\/news\/wp-json\/wp\/v2\/posts"}],"about":[{"href":"https:\/\/folhaderondonianews.com\/news\/wp-json\/wp\/v2\/types\/post"}],"author":[{"embeddable":true,"href":"https:\/\/folhaderondonianews.com\/news\/wp-json\/wp\/v2\/users\/1"}],"replies":[{"embeddable":true,"href":"https:\/\/folhaderondonianews.com\/news\/wp-json\/wp\/v2\/comments?post=33542"}],"version-history":[{"count":0,"href":"https:\/\/folhaderondonianews.com\/news\/wp-json\/wp\/v2\/posts\/33542\/revisions"}],"wp:featuredmedia":[{"embeddable":true,"href":"https:\/\/folhaderondonianews.com\/news\/wp-json\/wp\/v2\/media\/33537"}],"wp:attachment":[{"href":"https:\/\/folhaderondonianews.com\/news\/wp-json\/wp\/v2\/media?parent=33542"}],"wp:term":[{"taxonomy":"category","embeddable":true,"href":"https:\/\/folhaderondonianews.com\/news\/wp-json\/wp\/v2\/categories?post=33542"},{"taxonomy":"post_tag","embeddable":true,"href":"https:\/\/folhaderondonianews.com\/news\/wp-json\/wp\/v2\/tags?post=33542"}],"curies":[{"name":"wp","href":"https:\/\/api.w.org\/{rel}","templated":true}]}}