{"id":33598,"date":"2021-12-20T18:04:31","date_gmt":"2021-12-20T22:04:31","guid":{"rendered":"https:\/\/folhaderondonianews.com\/news\/?p=33598"},"modified":"2021-12-20T21:01:09","modified_gmt":"2021-12-21T01:01:09","slug":"marcos-rogerio-confirma-inauguracao-de-upa-em-ji-parana","status":"publish","type":"post","link":"https:\/\/folhaderondonianews.com\/news\/2021\/12\/20\/marcos-rogerio-confirma-inauguracao-de-upa-em-ji-parana\/","title":{"rendered":"Marcos Rog\u00e9rio confirma inaugura\u00e7\u00e3o de UPA em Ji-Paran\u00e1"},"content":{"rendered":"<h3>A inaugura\u00e7\u00e3o deve acontecer nesta ter\u00e7a-feira (21\/12), com a presen\u00e7a do ministro da Sa\u00fade, Marcelo Queiroga<\/h3>\n<p>Regi\u00e3o central do estado, Ji-Paran\u00e1 vai receber uma nova Unidade de Pronto-Atendimento. A inaugura\u00e7\u00e3o deve acontecer nesta ter\u00e7a-feira (21\/12) \u00e0s 10 horas,\u00a0 com a presen\u00e7a do ministro da Sa\u00fade, Marcelo Queiroga, e do senador rondoniense Marcos Rog\u00e9rio, um dos principais articuladores para a conclus\u00e3o da unidade.<\/p>\n<p>&nbsp;<\/p>\n<p>O parlamentar foi o respons\u00e1vel por conseguir destravar as obras da UPA, que foram iniciadas ainda em 2017, com recursos federais. \u201cQuando a prefeitura de Ji-Paran\u00e1 trouxe a situa\u00e7\u00e3o da UPA, as expectativas n\u00e3o eram das melhores. Cerca de 80% das obras estavam adiantadas, mas havia um s\u00e9rio risco de paralisa\u00e7\u00e3o e perda do recurso em fun\u00e7\u00e3o do prazo para regulariza\u00e7\u00e3o do conv\u00eanio\u201d, explicou o senador.<\/p>\n<p>&nbsp;<\/p>\n<p>A partir da\u00ed, o parlamentar iniciou articula\u00e7\u00e3o junto ao Governo Federal para que a UPA sa\u00edsse do papel. \u201cCom muita luta, conseguimos junto ao Minist\u00e9rio da Sa\u00fade reverter a situa\u00e7\u00e3o. A obra foi conclu\u00edda, entregue \u00e0 popula\u00e7\u00e3o e amanh\u00e3 iremos inaugurar, com a presen\u00e7a do ministro Queiroga\u201d, ressaltou.<\/p>\n<p>&nbsp;<\/p>\n<p>A UPA do 2\u00ba Distrito fica localizada na rua Vin\u00edcius de Moraes (T-10), no bairro S\u00e3o Pedro. A unidade conta \u00e1rea de desembarque de ambul\u00e2ncias, recep\u00e7\u00e3o, sala de espera, triagem, setor de estabiliza\u00e7\u00e3o, consult\u00f3rios m\u00e9dicos, sala de exames laboratoriais, farm\u00e1cia e dez leitos de observa\u00e7\u00e3o.<\/p>\n<p>&nbsp;<\/p>\n<p>\u201cEsse \u00e9 mais um trabalho que conta com articula\u00e7\u00e3o entre Executivo e Legislativo para avan\u00e7ar em setores estrat\u00e9gicos para o nosso estado. Sigo vigilante, trabalhando em conjunto com o governo federal para a continuidade de obras como essas, que se traduzam em servi\u00e7o p\u00fablico de qualidade ofertado \u00e0 popula\u00e7\u00e3o\u201d, ressaltou Marcos Rog\u00e9rio.<\/p>\n<p>&nbsp;<\/p>\n<p>*Enfrentamento \u00e0 Covid-19*<\/p>\n<p>&nbsp;<\/p>\n<p>A inaugura\u00e7\u00e3o da UPA ocorre num momento em que o governo federal atua para refor\u00e7ar o sistema de sa\u00fade para a continuidade nas a\u00e7\u00f5es de enfrentamento \u00e0 Covid-19. Al\u00e9m de melhorias na estrutura f\u00edsica e entrega de novos hospitais, UPAs e postos de atendimento, o governo est\u00e1 trabalhando para a entrega de vacinas, equipamentos e insumos. S\u00f3 de EPIs foram distribu\u00eddos 363 milh\u00f5es, entre luvas, m\u00e1scaras, aventais, \u00f3culos de prote\u00e7\u00e3o, sendo 3,1 milh\u00f5es para o estado de Rond\u00f4nia.<\/p>\n<p>&nbsp;<\/p>\n<p>De acordo com dados atualizados do Minist\u00e9rio da Sa\u00fade, s\u00f3 em Rond\u00f4nia j\u00e1 foram aplicadas mais de 2,3 milh\u00f5es de doses de vacinas da Covid-19. Em todo o Brasil, o n\u00famero j\u00e1 chega a 315 milh\u00f5es de doses aplicadas.<\/p>\n","protected":false},"excerpt":{"rendered":"<div class=\"mh-excerpt\"><p>A inaugura\u00e7\u00e3o deve acontecer nesta ter\u00e7a-feira (21\/12), com a presen\u00e7a do ministro da Sa\u00fade, Marcelo Queiroga<\/p>\n<\/div>","protected":false},"author":1,"featured_media":33600,"comment_status":"open","ping_status":"closed","sticky":false,"template":"","format":"standard","meta":{"footnotes":""},"categories":[9,1],"tags":[99,7238,1054,4029,42,798],"class_list":["post-33598","post","type-post","status-publish","format-standard","has-post-thumbnail","hentry","category-politica","category-sem-categoria","tag-ji-parana","tag-marcelo-quiroga","tag-marcos-rogerio","tag-ministro-da-saude","tag-rondonia","tag-upa"],"_links":{"self":[{"href":"https:\/\/folhaderondonianews.com\/news\/wp-json\/wp\/v2\/posts\/33598","targetHints":{"allow":["GET"]}}],"collection":[{"href":"https:\/\/folhaderondonianews.com\/news\/wp-json\/wp\/v2\/posts"}],"about":[{"href":"https:\/\/folhaderondonianews.com\/news\/wp-json\/wp\/v2\/types\/post"}],"author":[{"embeddable":true,"href":"https:\/\/folhaderondonianews.com\/news\/wp-json\/wp\/v2\/users\/1"}],"replies":[{"embeddable":true,"href":"https:\/\/folhaderondonianews.com\/news\/wp-json\/wp\/v2\/comments?post=33598"}],"version-history":[{"count":0,"href":"https:\/\/folhaderondonianews.com\/news\/wp-json\/wp\/v2\/posts\/33598\/revisions"}],"wp:featuredmedia":[{"embeddable":true,"href":"https:\/\/folhaderondonianews.com\/news\/wp-json\/wp\/v2\/media\/33600"}],"wp:attachment":[{"href":"https:\/\/folhaderondonianews.com\/news\/wp-json\/wp\/v2\/media?parent=33598"}],"wp:term":[{"taxonomy":"category","embeddable":true,"href":"https:\/\/folhaderondonianews.com\/news\/wp-json\/wp\/v2\/categories?post=33598"},{"taxonomy":"post_tag","embeddable":true,"href":"https:\/\/folhaderondonianews.com\/news\/wp-json\/wp\/v2\/tags?post=33598"}],"curies":[{"name":"wp","href":"https:\/\/api.w.org\/{rel}","templated":true}]}}