{"id":33861,"date":"2022-03-29T18:29:10","date_gmt":"2022-03-29T22:29:10","guid":{"rendered":"https:\/\/folhaderondonianews.com\/news\/?p=33861"},"modified":"2022-03-29T18:41:09","modified_gmt":"2022-03-29T22:41:09","slug":"ex-senador-ernandes-amorim-retorna-ao-pdt-para-ser-candidato-a-deputado-federal","status":"publish","type":"post","link":"https:\/\/folhaderondonianews.com\/news\/2022\/03\/29\/ex-senador-ernandes-amorim-retorna-ao-pdt-para-ser-candidato-a-deputado-federal\/","title":{"rendered":"Ex-senador Ernandes Amorim retorna ao PDT para ser candidato a deputado federal"},"content":{"rendered":"<h3>Um dos personagens mais intrigantes da pol\u00edtica de Rond\u00f4nia, porque n\u00e3o costuma levar desaforo pra casa, quer uma cadeira de deputado federal pelo PDT.<\/h3>\n<p>O ex-senador Ernandes Amorim est\u00e1 de volta ao PDT. Ele assinou ficha de filia\u00e7\u00e3o na tarde desta ter\u00e7a-feira, 29, em Ji-Paran\u00e1, a convite do presidente estadual do partido, senador Acir Gurgacz.<br \/>\nAo assinar a ficha de filia\u00e7\u00e3o, o ex-senador lembrou que foi eleito pelo PDT ao Senado Federal, em 1994, e que j\u00e1 tinha sido eleito prefeito de Ariquemes, em 1988, tamb\u00e9m pelo Partido Democr\u00e1tico Trabalhista.<br \/>\n\u201cEu tenho uma hist\u00f3ria muito bonita no PDT, junto com os pedetistas mais antigos de Rond\u00f4nia e aquela milit\u00e2ncia aguerrida que at\u00e9 hoje \u00e9 uma caracter\u00edstica do partido\u201d, lembrou Amorim.<br \/>\nO pol\u00edtico, que tem forte lideran\u00e7a em Ariquemes e toda a regi\u00e3o do Vale do Jamari, tamb\u00e9m anunciou sua pr\u00e9-candidatura ao cargo de deputado federal nas elei\u00e7\u00f5es de 2022.<br \/>\n\u201cEu fa\u00e7o pol\u00edtica porque gosto e, pautado nos interesses e necessidades da popula\u00e7\u00e3o de Rond\u00f4nia \u00e9 que pretendo disputar mais um mandato\u201d, disse Amorim.<br \/>\nO senador Acir Gurgacz, presidente estadual do PDT, destacou que o partido est\u00e1 filiado pessoas comprometidas com o desenvolvimento do Estado em todas as regi\u00f5es e que a filia\u00e7\u00e3o de Amorim \u00e9 uma grande conquista para o partido.<br \/>\n\u201cO Amorim \u00e9 um pol\u00edtico experiente, um homem p\u00fablico combativo, e certamente vai continuar contribuindo muito com o partido e com Rond\u00f4nia\u201d, frisou Gurgacz.<br \/>\nErnandes Amorim \u00e9 o pol\u00edtico com mais mandatos eletivos em Rond\u00f4nia. Foi eleito pela primeira vez em 1982 ao mandato de deputado estadual. Foi reeleito em 1986. Foi eleito prefeito de Ariquemes em 1988, pelo PDT, e senador em 1994, tamb\u00e9m pelo partido trabalhista. Em, 2000 foi eleito novamente prefeito de Ariquemes. Disputou o governo do Estado, em 1998 e em 2002, mas n\u00e3o foi eleito. Em 2006 foi eleito deputado federal, e, em 2018, vereador.<\/p>\n","protected":false},"excerpt":{"rendered":"<div class=\"mh-excerpt\"><p>Um dos personagens mais intrigantes da pol\u00edtica de Rond\u00f4nia, porque n\u00e3o costuma levar desaforo pra casa, quer uma cadeira de deputado federal pelo PDT.<\/p>\n<\/div>","protected":false},"author":1,"featured_media":33862,"comment_status":"open","ping_status":"closed","sticky":false,"template":"","format":"standard","meta":{"footnotes":""},"categories":[9],"tags":[801,408,3730,108],"class_list":["post-33861","post","type-post","status-publish","format-standard","has-post-thumbnail","hentry","category-politica","tag-acir-gurgacz","tag-amorim","tag-deputado-federal","tag-pdt"],"_links":{"self":[{"href":"https:\/\/folhaderondonianews.com\/news\/wp-json\/wp\/v2\/posts\/33861","targetHints":{"allow":["GET"]}}],"collection":[{"href":"https:\/\/folhaderondonianews.com\/news\/wp-json\/wp\/v2\/posts"}],"about":[{"href":"https:\/\/folhaderondonianews.com\/news\/wp-json\/wp\/v2\/types\/post"}],"author":[{"embeddable":true,"href":"https:\/\/folhaderondonianews.com\/news\/wp-json\/wp\/v2\/users\/1"}],"replies":[{"embeddable":true,"href":"https:\/\/folhaderondonianews.com\/news\/wp-json\/wp\/v2\/comments?post=33861"}],"version-history":[{"count":0,"href":"https:\/\/folhaderondonianews.com\/news\/wp-json\/wp\/v2\/posts\/33861\/revisions"}],"wp:featuredmedia":[{"embeddable":true,"href":"https:\/\/folhaderondonianews.com\/news\/wp-json\/wp\/v2\/media\/33862"}],"wp:attachment":[{"href":"https:\/\/folhaderondonianews.com\/news\/wp-json\/wp\/v2\/media?parent=33861"}],"wp:term":[{"taxonomy":"category","embeddable":true,"href":"https:\/\/folhaderondonianews.com\/news\/wp-json\/wp\/v2\/categories?post=33861"},{"taxonomy":"post_tag","embeddable":true,"href":"https:\/\/folhaderondonianews.com\/news\/wp-json\/wp\/v2\/tags?post=33861"}],"curies":[{"name":"wp","href":"https:\/\/api.w.org\/{rel}","templated":true}]}}