{"id":33937,"date":"2022-04-12T16:03:56","date_gmt":"2022-04-12T20:03:56","guid":{"rendered":"https:\/\/folhaderondonianews.com\/news\/?p=33937"},"modified":"2022-04-12T16:03:56","modified_gmt":"2022-04-12T20:03:56","slug":"tarifa-social-de-energia-pode-alcancar-mais-clientes-com-cadastro-automatico","status":"publish","type":"post","link":"https:\/\/folhaderondonianews.com\/news\/2022\/04\/12\/tarifa-social-de-energia-pode-alcancar-mais-clientes-com-cadastro-automatico\/","title":{"rendered":"Tarifa social de energia pode alcan\u00e7ar mais clientes com cadastro autom\u00e1tico"},"content":{"rendered":"<h3>Mais de 113 mil fam\u00edlias em Rond\u00f4nia recebem desconto na tarifa de energia el\u00e9trica, segundo dados da Energisa.<\/h3>\n<p>Cristiane Martins Batista \u00e9 assistente social, mora no bairro Esperan\u00e7a da Comunidade, em Porto Velho, e conheceu o programa da Tarifa Social de <strong>Energia<\/strong> El\u00e9trica na internet. Atuante na comunidade, Cristiane multiplicou a informa\u00e7\u00e3o sobre o benef\u00edcio para outras fam\u00edlias do bairro por meio de mensagens de celular. \u201cEu vi as dicas da <strong>Energisa<\/strong> no You Tube e compartilhei com minhas vizinhas porque a tarifa reduzida ajuda no nosso or\u00e7amento dom\u00e9stico\u201d, conta, frisando a import\u00e2ncia de manter os gastos sob controle. \u201cA tarifa \u00e9 para quem realmente precisa. Por isso, tenho que fazer minha parte, economizando energia e mantendo o cadastro em dia\u201d, declarou.<br \/>\nCerca de 113 mil fam\u00edlias de Rond\u00f4nia est\u00e3o cadastrados na tarifa social de energia el\u00e9trica, programa social do governo federal que concede at\u00e9 65% de desconto na tarifa de energia dependendo do consumo do im\u00f3vel. A quantidade de benefici\u00e1rios poderia ser maior se o cadastro daqueles que t\u00eam direito ao benef\u00edcio estivessem atualizados. Por isso, a <strong>Energisa<\/strong> orienta \u00e0queles que preenchem os requisitos atualizem os dados junto ao CRAS a cada dois anos.<br \/>\nKassia Goes, coordenadora de atendimento da <strong>Energisa<\/strong> no estado, explica que a empresa mensalmente cruza os dados do sistema do Cad\u00fanico com a sua base de clientes e faz o cadastro autom\u00e1tico. Por\u00e9m, a atividade depende que o portador do CAD \u00danico seja o mesmo titular da conta de energia. \u201cSomente quando o titular da fatura \u00e9 diferente do membro da fam\u00edlia que tem o NIS, \u00e9 necess\u00e1rio procurar a Energisa\u201d, afirmou.<br \/>\nA coordenadora orienta o cliente a observar a fatura de energia para saber se j\u00e1 est\u00e1 sendo beneficiado. A informa\u00e7\u00e3o est\u00e1 no campo \u201cClasse\/subclasse\u201d nomeado como \u2018residencial baixa renda geral\u2019. \u201cEstar com as contas em dia \u00e9 um dos requisitos para que a fam\u00edlia esteja apta a participar do programa Nossa Energia, que substitui equipamentos ineficientes, por modelos novos e mais econ\u00f4micos. Mais de 2 mil geladeiras e 57 mil l\u00e2mpadas LED foram substitu\u00eddas para fam\u00edlias de baixa renda nos tr\u00eas anos que <strong>Energisa<\/strong> atua no estado\u201d, disse ao lembrar que o programa \u00e9 itinerante e n\u00e3o o cliente n\u00e3o precisa se deslocar at\u00e9 ag\u00eancia. \u201cNossa equipe utiliza essa base de dados e faz o contato diretamente com o cliente mapeado\u201d, completou.<br \/>\nA crise econ\u00f4mica provocada pela Covid-19 afetou principalmente as fam\u00edlias de baixa renda, por isso, a <strong>Energisa<\/strong> disponibiliza a negocia\u00e7\u00e3o dos d\u00e9bitos e evita medidas de cobran\u00e7a como o corte do fornecimento. Goes alerta que a autoreliga\u00e7\u00e3o nunca \u00e9 uma alternativa para a situa\u00e7\u00e3o. \u201cAl\u00e9m de ilegal, ligar a energia por conta pr\u00f3pria \u00e9 perigoso e pode provocar acidentes\u201d, disse. A negocia\u00e7\u00e3o pode ser feito pelos canais de atendimento na Ag\u00eancia Digital pelo site www.<strong>energisa<\/strong>.com.br, no WhatsApp Gisa (69 9 9358-9673) e no aplicativo <strong>Energisa<\/strong> On, download gratuito para aparelhos IOS e Android.<\/p>\n<blockquote>\n<h3>Quem tem direito?<\/h3>\n<p>Fam\u00edlias inscritas no Cadastro \u00danico com renda mensal menor ou igual a meio sal\u00e1rio-m\u00ednimo por pessoa, fam\u00edlias com portador de doen\u00e7a que precise de aparelho el\u00e9trico para o tratamento &#8211; nesse caso com renda mensal de at\u00e9 tr\u00eas sal\u00e1rios-m\u00ednimos. Tamb\u00e9m t\u00eam direito as fam\u00edlias ind\u00edgenas, quilombola ou com integrante que receba o Benef\u00edcio de Presta\u00e7\u00e3o Continuada. Acesse www.<strong>energisa<\/strong>juntos.com.br e conhe\u00e7a detalhes do programa.<\/p><\/blockquote>\n","protected":false},"excerpt":{"rendered":"<div class=\"mh-excerpt\"><p>Mais de 113 mil fam\u00edlias em Rond\u00f4nia recebem desconto na tarifa de energia el\u00e9trica, segundo dados da Energisa.<\/p>\n<\/div>","protected":false},"author":1,"featured_media":33938,"comment_status":"open","ping_status":"closed","sticky":false,"template":"","format":"standard","meta":{"footnotes":""},"categories":[5],"tags":[6307,3197,1651,4095,4656,7295,42],"class_list":["post-33937","post","type-post","status-publish","format-standard","has-post-thumbnail","hentry","category-brasil","tag-baixa-renda","tag-eletrica","tag-energia","tag-energisa","tag-geral","tag-residencial","tag-rondonia"],"_links":{"self":[{"href":"https:\/\/folhaderondonianews.com\/news\/wp-json\/wp\/v2\/posts\/33937","targetHints":{"allow":["GET"]}}],"collection":[{"href":"https:\/\/folhaderondonianews.com\/news\/wp-json\/wp\/v2\/posts"}],"about":[{"href":"https:\/\/folhaderondonianews.com\/news\/wp-json\/wp\/v2\/types\/post"}],"author":[{"embeddable":true,"href":"https:\/\/folhaderondonianews.com\/news\/wp-json\/wp\/v2\/users\/1"}],"replies":[{"embeddable":true,"href":"https:\/\/folhaderondonianews.com\/news\/wp-json\/wp\/v2\/comments?post=33937"}],"version-history":[{"count":0,"href":"https:\/\/folhaderondonianews.com\/news\/wp-json\/wp\/v2\/posts\/33937\/revisions"}],"wp:featuredmedia":[{"embeddable":true,"href":"https:\/\/folhaderondonianews.com\/news\/wp-json\/wp\/v2\/media\/33938"}],"wp:attachment":[{"href":"https:\/\/folhaderondonianews.com\/news\/wp-json\/wp\/v2\/media?parent=33937"}],"wp:term":[{"taxonomy":"category","embeddable":true,"href":"https:\/\/folhaderondonianews.com\/news\/wp-json\/wp\/v2\/categories?post=33937"},{"taxonomy":"post_tag","embeddable":true,"href":"https:\/\/folhaderondonianews.com\/news\/wp-json\/wp\/v2\/tags?post=33937"}],"curies":[{"name":"wp","href":"https:\/\/api.w.org\/{rel}","templated":true}]}}