{"id":33944,"date":"2022-04-18T10:05:07","date_gmt":"2022-04-18T14:05:07","guid":{"rendered":"https:\/\/folhaderondonianews.com\/news\/?p=33944"},"modified":"2022-04-18T10:06:03","modified_gmt":"2022-04-18T14:06:03","slug":"municipios-precisam-participar-dos-programas-de-regularizacao-fundiaria-defende-confucio-moura","status":"publish","type":"post","link":"https:\/\/folhaderondonianews.com\/news\/2022\/04\/18\/municipios-precisam-participar-dos-programas-de-regularizacao-fundiaria-defende-confucio-moura\/","title":{"rendered":"Munic\u00edpios precisam participar dos programas de regulariza\u00e7\u00e3o fundi\u00e1ria, defende Conf\u00facio Moura"},"content":{"rendered":"<h3><em>Na avalia\u00e7\u00e3o do senador, se as terras est\u00e3o no munic\u00edpio e se \u00e9 o munic\u00edpio quem convive com os conflitos agr\u00e1rios, ele deve ter voz a participa\u00e7\u00e3o na seguran\u00e7a fundi\u00e1ria.<\/em><\/h3>\n<div class=\"cmsmasters_post_content entry-content\">\n<p>Conf\u00facio Moura encerrou a semana de trabalho advertindo uma vez mais a respeito da prec\u00e1ria titula\u00e7\u00e3o de terras, que considera um dos grandes entraves para o desenvolvimento rondoniense.<\/p>\n<p>\u201c<em>Essa falha \u00e9 a causa de toda a viol\u00eancia e morte no campo, e pelo clima de inseguran\u00e7a para todos, at\u00e9 para quem vive nas cidades<\/em>\u201d, queixou-se o senador. Segundo Conf\u00facio Moura, embora existam diversos programas de regulariza\u00e7\u00e3o fundi\u00e1ria, todos obedecem a l\u00f3gica da centraliza\u00e7\u00e3o, do controle nas m\u00e3os do estado ou da Uni\u00e3o.\u00a0 \u201c<em>E nisso, ignoram o munic\u00edpio como parte do processo.\u00a0 As a\u00e7\u00f5es de regulariza\u00e7\u00e3o fundi\u00e1ria dependem da estrutura dos \u00f3rg\u00e3os respons\u00e1veis, seja do estado ou do governo federal<\/em>\u201d, assinalou.<\/p>\n<p>Para ele, os \u00f3rg\u00e3os respons\u00e1veis por isso est\u00e3o sucateados, defasados na sua estrutura de pessoal e, \u00e0s vezes, n\u00e3o possuem nem ve\u00edculos em condi\u00e7\u00f5es de deslocar o pessoal t\u00e9cnico para as \u00e1reas que ser\u00e3o regularizadas. \u201c<em>A hist\u00f3ria nos diz que processos de regulariza\u00e7\u00e3o fundi\u00e1ria s\u00e3o lentos, morosos. Mas, quando atrapalha o desenvolvimento, devem ser superados com urg\u00eancia. Ou a sociedade inteira perde<\/em>\u201d, afirmou Conf\u00facio Moura.<\/p>\n<p>\u201c<em>Se as terras que necessitam ser regularizadas est\u00e3o no munic\u00edpio, \u00e9 l\u00e1 que ocorrem os conflitos e as mortes tamb\u00e9m<\/em>\u201d, alerta o senador. Ele prop\u00f5e que o estado e a Uni\u00e3o transfiram aos munic\u00edpios parte importante do processo de regulariza\u00e7\u00e3o fundi\u00e1ria, quando elas envolverem terras localizadas nos seus limites.<\/p>\n<p>\u201c<em>Se isso for feito, o munic\u00edpio re\u00fane os \u00f3rg\u00e3os envolvidos (Incra, Emater, Departamento de Patrim\u00f4nio da Uni\u00e3o, Minist\u00e9rio P\u00fablico, etc.) e encaminha as solu\u00e7\u00f5es para cada caso, at\u00e9 esgotar todos<\/em>\u201d, finalizou o senador.<\/p>\n<\/div>\n","protected":false},"excerpt":{"rendered":"<div class=\"mh-excerpt\"><p>Na avalia\u00e7\u00e3o do senador, se as terras est\u00e3o no munic\u00edpio e se \u00e9 o munic\u00edpio quem convive com os conflitos agr\u00e1rios, ele deve ter voz a participa\u00e7\u00e3o na seguran\u00e7a fundi\u00e1ria.<\/p>\n<\/div>","protected":false},"author":1,"featured_media":33945,"comment_status":"open","ping_status":"closed","sticky":false,"template":"","format":"standard","meta":{"footnotes":""},"categories":[9],"tags":[7300,7278,1511,642,42],"class_list":["post-33944","post","type-post","status-publish","format-standard","has-post-thumbnail","hentry","category-politica","tag-confuio-moura","tag-fundiaria","tag-municipios","tag-regularizacao","tag-rondonia"],"_links":{"self":[{"href":"https:\/\/folhaderondonianews.com\/news\/wp-json\/wp\/v2\/posts\/33944","targetHints":{"allow":["GET"]}}],"collection":[{"href":"https:\/\/folhaderondonianews.com\/news\/wp-json\/wp\/v2\/posts"}],"about":[{"href":"https:\/\/folhaderondonianews.com\/news\/wp-json\/wp\/v2\/types\/post"}],"author":[{"embeddable":true,"href":"https:\/\/folhaderondonianews.com\/news\/wp-json\/wp\/v2\/users\/1"}],"replies":[{"embeddable":true,"href":"https:\/\/folhaderondonianews.com\/news\/wp-json\/wp\/v2\/comments?post=33944"}],"version-history":[{"count":0,"href":"https:\/\/folhaderondonianews.com\/news\/wp-json\/wp\/v2\/posts\/33944\/revisions"}],"wp:featuredmedia":[{"embeddable":true,"href":"https:\/\/folhaderondonianews.com\/news\/wp-json\/wp\/v2\/media\/33945"}],"wp:attachment":[{"href":"https:\/\/folhaderondonianews.com\/news\/wp-json\/wp\/v2\/media?parent=33944"}],"wp:term":[{"taxonomy":"category","embeddable":true,"href":"https:\/\/folhaderondonianews.com\/news\/wp-json\/wp\/v2\/categories?post=33944"},{"taxonomy":"post_tag","embeddable":true,"href":"https:\/\/folhaderondonianews.com\/news\/wp-json\/wp\/v2\/tags?post=33944"}],"curies":[{"name":"wp","href":"https:\/\/api.w.org\/{rel}","templated":true}]}}