{"id":34052,"date":"2022-05-23T16:31:57","date_gmt":"2022-05-23T20:31:57","guid":{"rendered":"https:\/\/folhaderondonianews.com\/news\/?p=34052"},"modified":"2022-05-24T12:13:36","modified_gmt":"2022-05-24T16:13:36","slug":"marcos-silvia-e-laerte-impedidos-de-discursar-na-rondonia-rural-show-colunadogutierrez","status":"publish","type":"post","link":"https:\/\/folhaderondonianews.com\/news\/2022\/05\/23\/marcos-silvia-e-laerte-impedidos-de-discursar-na-rondonia-rural-show-colunadogutierrez\/","title":{"rendered":"Marcos, S\u00edlvia e Laerte impedidos de discursar na Rond\u00f4nia Rural Show &#8211; #colunadogutierrez"},"content":{"rendered":"<h3>Nem come\u00e7ou direito a disputa pelo governo de Rond\u00f4nia e o clima de disputa entre bolsonaristas coloca a direita de Rond\u00f4nia em p\u00e9 de guerra.<\/h3>\n<p>A deputada Silvia Cristina, o senador Marcos Rog\u00e9rio e o deputado estadual Laerte Gomes, todos de Ji-Paran\u00e1, foram impedidos de fazer uso da palavra na solenidade que marcou na manh\u00e3 de hoje a abertura da Rond\u00f4nia Rural Show Internacional que acontece em Ji-Paran\u00e1, casa dos tr\u00eas parlamentares barrados da palavra.<\/p>\n<h3>Recado curto e grosso<\/h3>\n<p>Um assessor do governador teria dito ao cerimonial que n\u00e3o era para dar a palavra a eles: \u201cordens do coronel\u201d. \u00a0A coluna n\u00e3o conseguiu confirmar o suposto recado proibitivo do governador. &#8220;Se algu\u00e9m reclamar, diga que \u00e9 para tornar uma solenidade r\u00e1pida&#8221;, teria sido o arremate da ordem. A solenidade n\u00e3o foi r\u00e1pida e todos os convidados estavam em uma \u00e1rea coberta com ventila\u00e7\u00e3o climatizada.<\/p>\n<h3>Estrategia compensat\u00f3ria<\/h3>\n<p>Segundo uma fonte que tem amizade com gente que orienta o governador Marcos Rocha, a preocupa\u00e7\u00e3o, neste momento de ano eleitoral, era evitar que as pessoas fizessem compara\u00e7\u00e3o com rela\u00e7\u00e3o aos discursos entre os barrados com o do governador.<\/p>\n<h3>Nata da direita<\/h3>\n<p>A Rond\u00f4nia Rural Show re\u00fane a nata do agroneg\u00f3cio, consequentemente, a maioria deles \u00e9 de direita. Uma compara\u00e7\u00e3o que pudesse levar a uma decep\u00e7\u00e3o quanto ao coronel que tenta reelei\u00e7\u00e3o ao governo do Estado, seria considerado queimar a linha da largada na disputa eleitoral.<\/p>\n<p>A Folha tentou falar com os parlamentares barrados e n\u00e3o obteve resposta.\u00a0 A Folha n\u00e3o conseguiu contato com o cerimonial do governador.<\/p>\n","protected":false},"excerpt":{"rendered":"<div class=\"mh-excerpt\"><p>Nem come\u00e7ou direito a disputa pelo governo de Rond\u00f4nia e o clima de disputa entre bolsonaristas coloca a direita de Rond\u00f4nia em\u00a0 p\u00e9 de guerra.<\/p>\n<\/div>","protected":false},"author":1,"featured_media":34066,"comment_status":"open","ping_status":"closed","sticky":false,"template":"","format":"standard","meta":{"footnotes":""},"categories":[8],"tags":[6671,7321,305,191,42,7322],"class_list":["post-34052","post","type-post","status-publish","format-standard","has-post-thumbnail","hentry","category-coluna-do-gutierrez","tag-bolsonaristas","tag-direita","tag-laerte","tag-marcos","tag-rondonia","tag-silvia"],"_links":{"self":[{"href":"https:\/\/folhaderondonianews.com\/news\/wp-json\/wp\/v2\/posts\/34052","targetHints":{"allow":["GET"]}}],"collection":[{"href":"https:\/\/folhaderondonianews.com\/news\/wp-json\/wp\/v2\/posts"}],"about":[{"href":"https:\/\/folhaderondonianews.com\/news\/wp-json\/wp\/v2\/types\/post"}],"author":[{"embeddable":true,"href":"https:\/\/folhaderondonianews.com\/news\/wp-json\/wp\/v2\/users\/1"}],"replies":[{"embeddable":true,"href":"https:\/\/folhaderondonianews.com\/news\/wp-json\/wp\/v2\/comments?post=34052"}],"version-history":[{"count":0,"href":"https:\/\/folhaderondonianews.com\/news\/wp-json\/wp\/v2\/posts\/34052\/revisions"}],"wp:featuredmedia":[{"embeddable":true,"href":"https:\/\/folhaderondonianews.com\/news\/wp-json\/wp\/v2\/media\/34066"}],"wp:attachment":[{"href":"https:\/\/folhaderondonianews.com\/news\/wp-json\/wp\/v2\/media?parent=34052"}],"wp:term":[{"taxonomy":"category","embeddable":true,"href":"https:\/\/folhaderondonianews.com\/news\/wp-json\/wp\/v2\/categories?post=34052"},{"taxonomy":"post_tag","embeddable":true,"href":"https:\/\/folhaderondonianews.com\/news\/wp-json\/wp\/v2\/tags?post=34052"}],"curies":[{"name":"wp","href":"https:\/\/api.w.org\/{rel}","templated":true}]}}