{"id":34153,"date":"2022-06-09T09:12:02","date_gmt":"2022-06-09T13:12:02","guid":{"rendered":"https:\/\/folhaderondonianews.com\/news\/?p=34153"},"modified":"2022-06-09T09:13:08","modified_gmt":"2022-06-09T13:13:08","slug":"senadores-debatem-autocontrole-em-audiencia-publica-de-4-horas-de-duracao","status":"publish","type":"post","link":"https:\/\/folhaderondonianews.com\/news\/2022\/06\/09\/senadores-debatem-autocontrole-em-audiencia-publica-de-4-horas-de-duracao\/","title":{"rendered":"Senadores debatem Autocontrole em audi\u00eancia p\u00fablica de 4 horas de dura\u00e7\u00e3o"},"content":{"rendered":"<h3>Perguntas feitas por diversos segmentos da sociedade foram esclarecidas por t\u00e9cnicos e senadores.<\/h3>\n<p>A Comiss\u00e3o de Agricultura (CRA) do Senado Federal discutiu em Audi\u00eancia P\u00fablica, nesta quarta-feira (08), proposta que trata da fiscaliza\u00e7\u00e3o agropecu\u00e1ria por autocontrole. O texto prev\u00ea a revis\u00e3o das leis de defesa do setor agropecu\u00e1rio e permite que as empresas criem os pr\u00f3prios programas, com responsabiliza\u00e7\u00e3o pelo cumprimento das normas determinadas pelo Estado nas atividades agropecu\u00e1rias.\u00a0 \u00a0Ao longo dos \u00faltimos meses, parlamentares envolvidos com o texto justificam o projeto em quest\u00e3o como uma moderniza\u00e7\u00e3o necess\u00e1ria, visto que, num cen\u00e1rio em que o agroneg\u00f3cio brasileiro se expandiu vertiginosamente nas \u00faltimas quatro d\u00e9cadas, torna-se necess\u00e1rio que os setores p\u00fablico e privado se reestruturem para atender \u00e0s novas demandas apresentadas pela sociedade.\u00a0 <iframe title=\"YouTube video player\" data-src=\"https:\/\/www.youtube.com\/embed\/b9RRKcrMPOg\" width=\"560\" height=\"315\" frameborder=\"0\" allowfullscreen=\"allowfullscreen\" src=\"data:image\/svg+xml;base64,PHN2ZyB3aWR0aD0iMSIgaGVpZ2h0PSIxIiB4bWxucz0iaHR0cDovL3d3dy53My5vcmcvMjAwMC9zdmciPjwvc3ZnPg==\" class=\"lazyload\" data-load-mode=\"1\"><\/iframe>\u00a0 O presidente da CRA, senador <strong>Acir Gurgacz (PDT-RO)<\/strong>, entende que o projeto de lei atende a necessidade de dar\u00a0 ainda\u00a0 mais seguran\u00e7a e qualidade alimentar para o consumidor. Al\u00e9m disso, o parlamentar afirma que a revis\u00e3o das leis de defesa agropecu\u00e1ria permitir\u00e3o \u00e0s empresas uma participa\u00e7\u00e3o mais efetiva nos mecanismos de controle e completo aperfei\u00e7oamento do sistema.<\/p>\n<p>\u201cAdotar procedimentos mais modernos \u00e9 garantir agilidade para a agroind\u00fastria. Sempre cobramos o fortalecimento das empresas e do quadro de fiscais porque todos devem ser valorizados e respeitados, mas igualmente, defendemos mais controle, agilidade e menos custos no controle dos alimentos, e \u00e9 isso que o Autocontrole traz\u201d, explicou Acir.<\/p>\n<p>O senador Luis Carlos Heinze, relator do projeto, destacou que \u201cn\u00e3o \u00e9 a inven\u00e7\u00e3o da roda\u201d, mas sim um avan\u00e7o que j\u00e1 ocorre mundo afora. \u201cA Europa, Estados Unidos, Austr\u00e1lia e Nova Zel\u00e2ndia j\u00e1 usam esse sistema. N\u00e3o podemos ficar para tr\u00e1s e impedir a evolu\u00e7\u00e3o que o pa\u00eds precisa. Temos leis dos anos 1940 que precisam ser revistas. O Autocontrole vai destravar o processo produtivo e n\u00e3o prejudicar\u00e1 a carreira do fiscal ou do auditor\u201d, garantiu.<\/p>\n<p>A comiss\u00e3o do Senado contou tamb\u00e9m com a presen\u00e7a da deputada federal e ex-ministra da Agricultura, Tereza Cristina (PP-MS). A parlamentar destacou que o tema vem sendo discutido h\u00e1 algum tempo, tanto pela classe empresarial, quanto pelo Minist\u00e9rio da Agricultura (MAPA). Para ela, n\u00e3o existe o n\u00famero necess\u00e1rio de fiscais para o atual modelo.<\/p>\n<p>\u201cOs fiscais fazem tudo com excel\u00eancia, mas \u00e9 necess\u00e1rio avan\u00e7ar pelo tamanho que o setor ficou. Nos transformamos na maior pot\u00eancia agro do mundo e isso pede mudan\u00e7as em nossas legisla\u00e7\u00f5es que comportem essa crescente. Vamos dar a modernidade que \u00e9 pedida e continuaremos seguindo os protocolos internacionais\u201d, afirmou.<\/p>\n<p>Para o representante do Minist\u00e9rio da Agricultura, Jos\u00e9 Guilherme Leal, com a aprova\u00e7\u00e3o do Projeto de Lei, as auditorias ser\u00e3o ainda mais eficientes, o que dar\u00e1 ainda mais garantias ao consumidor. Na vis\u00e3o dele, o aperfei\u00e7oamento do Autocontrole vai trazer melhorias nas inspe\u00e7\u00f5es em todo o pa\u00eds. \u201cMuita coisa precisa ser ajustada e o projeto \u00e9 o in\u00edcio dessa retomada. Isso se chama evolu\u00e7\u00e3o. Precisamos andar para frente e continuar sendo uma refer\u00eancia mundial, com ainda mais rigidez nas nossas fiscaliza\u00e7\u00f5es\u201d, disse.<\/p>\n<p>Jos\u00e9lio Andrade, presidente da Academia Brasileira de Medicina Veterin\u00e1ria (Abramvet), ressaltou o car\u00e1ter did\u00e1tico da Audi\u00eancia P\u00fablica desta quarta-feira. Segundo ele, \u201cesperava ser mais um dia de apresenta\u00e7\u00f5es e poucos esclarecimentos. O que vi aqui foi um debate em alto n\u00edvel para o bem do Brasil. Quatro horas de falas importantes de diversos atores que entendem da mat\u00e9ria e souberam dar o encaminhamento que o tema precisa\u201d, concluiu.<\/p>\n<p>A mesma sensa\u00e7\u00e3o de convencimento partiu do presidente da Associa\u00e7\u00e3o Brasileira de Prote\u00edna Animal (ABPA), Ricardo Santin. De acordo com ele, a audi\u00eancia rompeu barreiras que ainda estavam no caminho e resolveu d\u00favidas do setor. \u201cN\u00f3s queremos continuar produzindo alimentos de qualidade e precisamos dar instrumentos para que os auditores e empresas evoluam. A mudan\u00e7a \u00e9 necess\u00e1ria, pois o mundo precisa da nossa sustentabilidade e seguran\u00e7a alimentar. O debate foi primordial para elucidar essas quest\u00f5es\u201d, finalizou.<\/p>\n","protected":false},"excerpt":{"rendered":"<div class=\"mh-excerpt\"><p>Perguntas feitas por diversos segmentos da sociedade foram esclarecidas por t\u00e9cnicos e senadores.<\/p>\n<\/div>","protected":false},"author":1,"featured_media":34154,"comment_status":"open","ping_status":"closed","sticky":false,"template":"","format":"standard","meta":{"footnotes":""},"categories":[9],"tags":[28,4483,1006],"class_list":["post-34153","post","type-post","status-publish","format-standard","has-post-thumbnail","hentry","category-politica","tag-acir","tag-comissao-de-agricultura","tag-senado"],"_links":{"self":[{"href":"https:\/\/folhaderondonianews.com\/news\/wp-json\/wp\/v2\/posts\/34153","targetHints":{"allow":["GET"]}}],"collection":[{"href":"https:\/\/folhaderondonianews.com\/news\/wp-json\/wp\/v2\/posts"}],"about":[{"href":"https:\/\/folhaderondonianews.com\/news\/wp-json\/wp\/v2\/types\/post"}],"author":[{"embeddable":true,"href":"https:\/\/folhaderondonianews.com\/news\/wp-json\/wp\/v2\/users\/1"}],"replies":[{"embeddable":true,"href":"https:\/\/folhaderondonianews.com\/news\/wp-json\/wp\/v2\/comments?post=34153"}],"version-history":[{"count":0,"href":"https:\/\/folhaderondonianews.com\/news\/wp-json\/wp\/v2\/posts\/34153\/revisions"}],"wp:featuredmedia":[{"embeddable":true,"href":"https:\/\/folhaderondonianews.com\/news\/wp-json\/wp\/v2\/media\/34154"}],"wp:attachment":[{"href":"https:\/\/folhaderondonianews.com\/news\/wp-json\/wp\/v2\/media?parent=34153"}],"wp:term":[{"taxonomy":"category","embeddable":true,"href":"https:\/\/folhaderondonianews.com\/news\/wp-json\/wp\/v2\/categories?post=34153"},{"taxonomy":"post_tag","embeddable":true,"href":"https:\/\/folhaderondonianews.com\/news\/wp-json\/wp\/v2\/tags?post=34153"}],"curies":[{"name":"wp","href":"https:\/\/api.w.org\/{rel}","templated":true}]}}