{"id":34217,"date":"2022-07-04T16:41:12","date_gmt":"2022-07-04T20:41:12","guid":{"rendered":"https:\/\/folhaderondonianews.com\/news\/?p=34217"},"modified":"2022-07-04T16:42:53","modified_gmt":"2022-07-04T20:42:53","slug":"mdb-capacita-pre-candidatos-em-curso-nacional-realizado-em-brasilia","status":"publish","type":"post","link":"https:\/\/folhaderondonianews.com\/news\/2022\/07\/04\/mdb-capacita-pre-candidatos-em-curso-nacional-realizado-em-brasilia\/","title":{"rendered":"MDB capacita pr\u00e9-candidatos em curso nacional realizado em Bras\u00edlia"},"content":{"rendered":"<h3>Fred Perillo, Michele Pillon e\u00a0 Nani Blanco foram os palestrantes nas \u00e1reas de marketing pol\u00edtico, gest\u00e3o p\u00fablica, direito eleitoral e estrat\u00e9gias para engajamento pol\u00edtico.<\/h3>\n<p>Bras\u00edlia foi palco neste \u00faltimo fim de semana, de um semin\u00e1rio de capacita\u00e7\u00e3o oferecido pelo diret\u00f3rio estadual do MDB-RO, voltado para os pr\u00e9-candidatos que ir\u00e3o disputar o pleito eleitoral em 2022.<br \/>\nO semin\u00e1rio Imers\u00e3o na Elei\u00e7\u00e3o teve como objetivo capacitar os futuros candidatos a fazer um diagn\u00f3stico estrat\u00e9gico da pr\u00e9-campanha, passando pelas fases de planejamento estrat\u00e9gico e planejamento nas m\u00eddias digital, orienta\u00e7\u00e3o em plano t\u00e1tico e trazendo solu\u00e7\u00f5es para poss\u00edveis problemas que todo candidato enfrenta.<\/p>\n<p>O evento aconteceu no audit\u00f3rio na sede do MDB Nacional, nos dias 01, 02 e 03 de julho, e teve como palestrantes o consultor e estrategista pol\u00edtico, especialista em Marketing Fred Perillo, a advogada especialista em gest\u00e3o p\u00fablica Michele Pillon, e a publicit\u00e1ria especialista em engajamento eleitoral Nani Blanco.<\/p>\n<p>O MDB reuniu lideran\u00e7as pol\u00edticas, assessores, e os pr\u00e9-candidatos que ir\u00e3o concorrer ao cargo de deputado estadual e federal.<\/p>\n<p>Quatro pr\u00e9-candidatos a deputado federal participaram, dois deles do Vale do Jamari que \u00e9 Tizil Jidalias, e o delegado Dr. Thiago Flores, o professor Uberlando Tubertino que se afastou da reitoria do IFRO para disputar as elei\u00e7\u00f5es e o jovem Rafael Maziero representando a regi\u00e3o do Cone Sul de Rond\u00f4nia.<\/p>\n<p>Para pr\u00e9-candidato a deputado estadual participou o vereador Adriano de Buritis, a ex-prefeita de Cacoal Glaucione, o vereador Jeferson de Ouro Preto, o vereador Dr. Luis do Hospital de Jaru.<\/p>\n<p>Segundo George Braga tesoureiro do partido eventos dessa natureza engrandecem a sigla. Braga destacou o compromisso e os investimentos que o MDB de Rond\u00f4nia tem feito para capacitar os candidatos a buscarem o resultado positivo durante a campanha.<\/p>\n<p>O presidente do partido deputado federal Lucio Mosquini parabenizou a todos participantes e disse que o MDB \u00e9 um partido grande e tem vis\u00e3o, \u201cn\u00f3s precisamos capacitar nossos pr\u00e9-candidatos para que eles n\u00e3o percam tempo e nem energia com erros corriqueiros, queremos eleger o maior n\u00famero poss\u00edvel de candidatos e isso acontece quando erramos menos.<\/p>\n<p>Na programa\u00e7\u00e3o dos eventos, estiveram assuntos como: Caminhos da vit\u00f3ria, a campanha agora \u00e9 digital, como melhorar sua milit\u00e2ncia e transformar eleitores em volunt\u00e1rios, como engajar eleitores, torne sua lideran\u00e7a em uma marca, como fazer um v\u00eddeo para redes sociais.<\/p>\n","protected":false},"excerpt":{"rendered":"<div class=\"mh-excerpt\"><p>Fred Perillo, Michele Pillon e\u00a0 Nani Blanco foram os palestrantes nas \u00e1reas de marketing pol\u00edtico, gest\u00e3o p\u00fablica, direito eleitoral e estrat\u00e9gias para engajamento pol\u00edtico.<\/p>\n<\/div>","protected":false},"author":1,"featured_media":34219,"comment_status":"open","ping_status":"closed","sticky":false,"template":"","format":"standard","meta":{"footnotes":""},"categories":[9],"tags":[],"class_list":["post-34217","post","type-post","status-publish","format-standard","has-post-thumbnail","hentry","category-politica"],"_links":{"self":[{"href":"https:\/\/folhaderondonianews.com\/news\/wp-json\/wp\/v2\/posts\/34217","targetHints":{"allow":["GET"]}}],"collection":[{"href":"https:\/\/folhaderondonianews.com\/news\/wp-json\/wp\/v2\/posts"}],"about":[{"href":"https:\/\/folhaderondonianews.com\/news\/wp-json\/wp\/v2\/types\/post"}],"author":[{"embeddable":true,"href":"https:\/\/folhaderondonianews.com\/news\/wp-json\/wp\/v2\/users\/1"}],"replies":[{"embeddable":true,"href":"https:\/\/folhaderondonianews.com\/news\/wp-json\/wp\/v2\/comments?post=34217"}],"version-history":[{"count":0,"href":"https:\/\/folhaderondonianews.com\/news\/wp-json\/wp\/v2\/posts\/34217\/revisions"}],"wp:featuredmedia":[{"embeddable":true,"href":"https:\/\/folhaderondonianews.com\/news\/wp-json\/wp\/v2\/media\/34219"}],"wp:attachment":[{"href":"https:\/\/folhaderondonianews.com\/news\/wp-json\/wp\/v2\/media?parent=34217"}],"wp:term":[{"taxonomy":"category","embeddable":true,"href":"https:\/\/folhaderondonianews.com\/news\/wp-json\/wp\/v2\/categories?post=34217"},{"taxonomy":"post_tag","embeddable":true,"href":"https:\/\/folhaderondonianews.com\/news\/wp-json\/wp\/v2\/tags?post=34217"}],"curies":[{"name":"wp","href":"https:\/\/api.w.org\/{rel}","templated":true}]}}