{"id":34293,"date":"2022-08-15T21:02:44","date_gmt":"2022-08-16T01:02:44","guid":{"rendered":"https:\/\/folhaderondonianews.com\/news\/?p=34293"},"modified":"2022-08-15T21:02:44","modified_gmt":"2022-08-16T01:02:44","slug":"claudia-moura-retira-candidatura-dela-ao-senado","status":"publish","type":"post","link":"https:\/\/folhaderondonianews.com\/news\/2022\/08\/15\/claudia-moura-retira-candidatura-dela-ao-senado\/","title":{"rendered":"Cl\u00e1udia Moura retira candidatura dela ao Senado"},"content":{"rendered":"<h3>Informo ainda que a presente decis\u00e3o, tomada por motivos pol\u00edticos, \u00e9 em car\u00e1ter irrevog\u00e1vel.<\/h3>\n<p>NOTA P\u00daBLICA<br \/>\n\u201cNada \u00e9 permanente exceto a mudan\u00e7a\u201d, a frase creditada ao fil\u00f3sofo Her\u00e1clito resume bem o conte\u00fado dessa nota. Sim, a vida \u00e9 din\u00e2mica e tudo muda muito rapidamente. Trazendo isso ao ambiente pol\u00edtico, torna-se uma verdade ainda mais evidente. E \u00e9 nesse contexto de mudan\u00e7a que venho anunciar a minha ren\u00fancia \u00e0 disputa ao cargo de senadora nessas elei\u00e7\u00f5es. \u201cAh, que pena!\u201d, de fato, eu tamb\u00e9m lamento&#8230;muito.<br \/>\nEntretanto, \u00e9 tamb\u00e9m do ambiente pol\u00edtico a m\u00e1xima de que \u201cA diplomacia\u00e9, e sempre ser\u00e1 a mais poderosa de todas as espadas, o mais poderoso de todos os escudos. Somente ela \u00e9 capaz de proteger dois extremos em casos<br \/>\nextremos.\u201d (Eliaxe Mondark)<br \/>\nLevando em considera\u00e7\u00e3o que tanto eu, quanto o senador Conf\u00facio Moura,temos em comum o bom senso como guia das nossas decis\u00f5es, exponho as principais raz\u00f5es que motivaram a nossa resolu\u00e7\u00e3o tomada em perfeita sinergia de, ainda que diante de uma candidatura prof\u00edcua, optarmos por sua retirada. S\u00e3o elas:<br \/>\n1. Import\u00e2ncia de preservar a unidade partid\u00e1ria;<br \/>\n2. Necessidade da unidade pol\u00edtica do partido para o fortalecimento da candidatura de Simone Tebet \u00e0 Presid\u00eancia da Rep\u00fablica;<br \/>\n3. Prioridade do partido para a elei\u00e7\u00e3o dos candidatos proporcionais;<br \/>\n4. Possibilidade da minha candidatura gerar fissuras no partido, mesmo tendo sido aprovada por aclama\u00e7\u00e3o na conven\u00e7\u00e3o, em virtude de pol\u00eamica causada pelas coliga\u00e7\u00f5es firmadas para governo.<br \/>\nDito isso, reitero que, em prol dos interesses partid\u00e1rios, venho renunciar a minha candidatura \u00e0 SENADORA nas\u00a0 elei\u00e7\u00f5es de 2022.<br \/>\nInformo ainda que a presente decis\u00e3o, tomada por motivos pol\u00edticos, \u00e9 em car\u00e1ter irrevog\u00e1vel. Na oportunidade, quero, de p\u00fablico, agradecer a todos e todas emedebistas que apoiaram a minha candidatura de forma entusiasmada, assim como os colegas jornalistas da imprensa em todo o Estado que me deram espa\u00e7o e tamb\u00e9m apoio, bem como \u00e0s lideran\u00e7as de outras siglas que torciam para a continuidade da minha candidatura nesse pleito. Honra-me agradecer ainda, as minhas suplentes, duas mulheres extraordin\u00e1rias: Penha Sim\u00e3o e Susana Chebib. Em especial, agrade\u00e7o o meu irm\u00e3o senador Conf\u00facio Moura, pela parceria e apoio incondicionais, seguimos juntos! Rond\u00f4nia, sigo aqui, lutando por ti.<br \/>\nUm forte abra\u00e7o,<br \/>\nCl\u00e1udia Moura<\/p>\n","protected":false},"excerpt":{"rendered":"<div class=\"mh-excerpt\"><p>Informo ainda que a presente decis\u00e3o, tomada por motivos pol\u00edticos, \u00e9 em car\u00e1ter irrevog\u00e1vel.<\/p>\n<\/div>","protected":false},"author":1,"featured_media":34272,"comment_status":"open","ping_status":"closed","sticky":false,"template":"","format":"standard","meta":{"footnotes":""},"categories":[1],"tags":[7351],"class_list":["post-34293","post","type-post","status-publish","format-standard","has-post-thumbnail","hentry","category-sem-categoria","tag-claudia-moura"],"_links":{"self":[{"href":"https:\/\/folhaderondonianews.com\/news\/wp-json\/wp\/v2\/posts\/34293","targetHints":{"allow":["GET"]}}],"collection":[{"href":"https:\/\/folhaderondonianews.com\/news\/wp-json\/wp\/v2\/posts"}],"about":[{"href":"https:\/\/folhaderondonianews.com\/news\/wp-json\/wp\/v2\/types\/post"}],"author":[{"embeddable":true,"href":"https:\/\/folhaderondonianews.com\/news\/wp-json\/wp\/v2\/users\/1"}],"replies":[{"embeddable":true,"href":"https:\/\/folhaderondonianews.com\/news\/wp-json\/wp\/v2\/comments?post=34293"}],"version-history":[{"count":0,"href":"https:\/\/folhaderondonianews.com\/news\/wp-json\/wp\/v2\/posts\/34293\/revisions"}],"wp:featuredmedia":[{"embeddable":true,"href":"https:\/\/folhaderondonianews.com\/news\/wp-json\/wp\/v2\/media\/34272"}],"wp:attachment":[{"href":"https:\/\/folhaderondonianews.com\/news\/wp-json\/wp\/v2\/media?parent=34293"}],"wp:term":[{"taxonomy":"category","embeddable":true,"href":"https:\/\/folhaderondonianews.com\/news\/wp-json\/wp\/v2\/categories?post=34293"},{"taxonomy":"post_tag","embeddable":true,"href":"https:\/\/folhaderondonianews.com\/news\/wp-json\/wp\/v2\/tags?post=34293"}],"curies":[{"name":"wp","href":"https:\/\/api.w.org\/{rel}","templated":true}]}}