{"id":34309,"date":"2022-08-20T19:08:02","date_gmt":"2022-08-20T23:08:02","guid":{"rendered":"https:\/\/folhaderondonianews.com\/news\/?p=34309"},"modified":"2022-08-20T19:08:02","modified_gmt":"2022-08-20T23:08:02","slug":"lancada-candidatura-de-acir-ao-senado","status":"publish","type":"post","link":"https:\/\/folhaderondonianews.com\/news\/2022\/08\/20\/lancada-candidatura-de-acir-ao-senado\/","title":{"rendered":"Lan\u00e7ada candidatura de Acir ao Senado"},"content":{"rendered":"<h3>O senador citou investimentos na Sa\u00fade, na Educa\u00e7\u00e3o, na Assist\u00eancia Social e na infraestrutura como pilares de seu mandato, destacando mais de R$ 1 bilh\u00e3o para obras, equipamentos e a\u00e7\u00f5es em Rond\u00f4nia destinadas em seu mandato.<\/h3>\n<p>O senador Acir Gurgaz realizou o lan\u00e7amento oficial de sua candidatura \u00e0 reelei\u00e7\u00e3o na manh\u00e3 deste s\u00e1bado, 20, em Ji-Paran\u00e1. Militantes do PDT e dos demais partidos que integram a \u201cFrente Democr\u00e1tica\u201d &#8211; Solidariedade, PSB, PT, PV e PCdoB vieram de todos os cantos do Estado para prestigiar o lan\u00e7amento da candidatura do senador, do governador Daniel Pereira, e dos candidatos a deputados estaduais e federais da coliga\u00e7\u00e3o. <img decoding=\"async\" class=\"size-medium wp-image-34312 alignleft lazyload\" data-src=\"https:\/\/folhaderondonianews.com\/news\/wp-content\/uploads\/2022\/08\/Daniel-Pereira-candidato-300x169.jpg\" alt=\"\" width=\"300\" height=\"169\" data-srcset=\"https:\/\/folhaderondonianews.com\/news\/wp-content\/uploads\/2022\/08\/Daniel-Pereira-candidato-300x169.jpg 300w, https:\/\/folhaderondonianews.com\/news\/wp-content\/uploads\/2022\/08\/Daniel-Pereira-candidato.jpg 640w\" data-sizes=\"(max-width: 300px) 100vw, 300px\" src=\"data:image\/svg+xml;base64,PHN2ZyB3aWR0aD0iMSIgaGVpZ2h0PSIxIiB4bWxucz0iaHR0cDovL3d3dy53My5vcmcvMjAwMC9zdmciPjwvc3ZnPg==\" style=\"--smush-placeholder-width: 300px; --smush-placeholder-aspect-ratio: 300\/169;\" \/>O senador disse que h\u00e1 50 anos, desde que a Eucatur chegou em Rond\u00f4nia, trabalha pelo desenvolvimento do Estado, para a abertura de estradas e para a melhoria das condi\u00e7\u00f5es de vida das pessoas. \u201cCuidar das pessoas e da infraestrutura para que as pessoas tenham mais qualidade de vida \u00e9 um compromisso de nossa caminhada como empres\u00e1rio e pol\u00edtico, e ainda tem muitas coisas que iniciamos e que precisam ser conclu\u00eddas\u201d, disse Gurgacz.<br \/>\nO senador citou os investimentos na sa\u00fade, na educa\u00e7\u00e3o, na assist\u00eancia social e na infraestrutura como pilares de seu mandato, e destacou que j\u00e1 destinou mais de R$ 1 bilh\u00e3o para obras, equipamentos e a\u00e7\u00f5es em Rond\u00f4nia. \u201cMuitas vezes, uma pol\u00edtica p\u00fablica, como a transfer\u00eancia das terras da Uni\u00e3o para Rond\u00f4nia, para fins de regulariza\u00e7\u00e3o fundi\u00e1ria, ou os incentivos para a produ\u00e7\u00e3o de caf\u00e9 ou de cacau, contam muito mais do que R$ 1 bilh\u00e3o, e \u00e9 por isso queremos continuar no Senado, para completar o trabalho que estamos fazendo\u201d, disse Gurgacz. <img decoding=\"async\" class=\"size-medium wp-image-34310 alignleft lazyload\" data-src=\"https:\/\/folhaderondonianews.com\/news\/wp-content\/uploads\/2022\/08\/lacanda-campanha-de-acir-ao-senado-300x169.jpg\" alt=\"\" width=\"300\" height=\"169\" data-srcset=\"https:\/\/folhaderondonianews.com\/news\/wp-content\/uploads\/2022\/08\/lacanda-campanha-de-acir-ao-senado-300x169.jpg 300w, https:\/\/folhaderondonianews.com\/news\/wp-content\/uploads\/2022\/08\/lacanda-campanha-de-acir-ao-senado.jpg 640w\" data-sizes=\"(max-width: 300px) 100vw, 300px\" src=\"data:image\/svg+xml;base64,PHN2ZyB3aWR0aD0iMSIgaGVpZ2h0PSIxIiB4bWxucz0iaHR0cDovL3d3dy53My5vcmcvMjAwMC9zdmciPjwvc3ZnPg==\" style=\"--smush-placeholder-width: 300px; --smush-placeholder-aspect-ratio: 300\/169;\" \/>O candidato ao governo pela Frente Democr\u00e1tica, Daniel Pereira, destacou a import\u00e2ncia da alian\u00e7a que construiu junto com o senador Acir Gurgacz para retomar o desenvolvimento de Rond\u00f4nia e do Brasil. \u201cEssa \u00e9 uma parceria que vai recolocar Rond\u00f4nia e o Brasil nos trilhos do desenvolvimento.\u201d, frisou Pereira.<br \/>\nO candidato a vice-governador, Anselmo de Oliveira, destacou a parceria do senador com a agricultura familiar e a import\u00e2ncia do fortalecimento deste setor da economia em Rond\u00f4nia. \u201cTemos um agroneg\u00f3cio forte e exportador, mas precisamos olhar tamb\u00e9m para os pequenos agricultores e para os trabalhadores rurais, e juntos vamos fazer esse trabalho, com Daniel no governo, Acir no Senado e Lula na Presid\u00eancia\u201d, disse Anselmo.<br \/>\nOs candidatos a deputado estaduais e federais da coliga\u00e7\u00e3o tamb\u00e9m se manifestaram e a festa reuniu cerca de 500 pessoas. A candidatura do senador Acir Gurgacz \u00e0 reelei\u00e7\u00e3o tem o professor Benedito Alves como primeiro suplente e o professor Pantera como segundo suplente.<\/p>\n","protected":false},"excerpt":{"rendered":"<div class=\"mh-excerpt\"><p>O senador citou investimentos na Sa\u00fade, na Educa\u00e7\u00e3o, na Assist\u00eancia Social e na infraestrutura como pilares de seu mandato, destacando mais de R$ 1 bilh\u00e3o para obras, equipamentos e a\u00e7\u00f5es em Rond\u00f4nia destinadas em seu mandato.<\/p>\n<\/div>","protected":false},"author":1,"featured_media":34311,"comment_status":"open","ping_status":"closed","sticky":false,"template":"","format":"standard","meta":{"footnotes":""},"categories":[9],"tags":[28,1236,568,1042,42,1006],"class_list":["post-34309","post","type-post","status-publish","format-standard","has-post-thumbnail","hentry","category-politica","tag-acir","tag-campanha","tag-daniel","tag-governo","tag-rondonia","tag-senado"],"_links":{"self":[{"href":"https:\/\/folhaderondonianews.com\/news\/wp-json\/wp\/v2\/posts\/34309","targetHints":{"allow":["GET"]}}],"collection":[{"href":"https:\/\/folhaderondonianews.com\/news\/wp-json\/wp\/v2\/posts"}],"about":[{"href":"https:\/\/folhaderondonianews.com\/news\/wp-json\/wp\/v2\/types\/post"}],"author":[{"embeddable":true,"href":"https:\/\/folhaderondonianews.com\/news\/wp-json\/wp\/v2\/users\/1"}],"replies":[{"embeddable":true,"href":"https:\/\/folhaderondonianews.com\/news\/wp-json\/wp\/v2\/comments?post=34309"}],"version-history":[{"count":0,"href":"https:\/\/folhaderondonianews.com\/news\/wp-json\/wp\/v2\/posts\/34309\/revisions"}],"wp:featuredmedia":[{"embeddable":true,"href":"https:\/\/folhaderondonianews.com\/news\/wp-json\/wp\/v2\/media\/34311"}],"wp:attachment":[{"href":"https:\/\/folhaderondonianews.com\/news\/wp-json\/wp\/v2\/media?parent=34309"}],"wp:term":[{"taxonomy":"category","embeddable":true,"href":"https:\/\/folhaderondonianews.com\/news\/wp-json\/wp\/v2\/categories?post=34309"},{"taxonomy":"post_tag","embeddable":true,"href":"https:\/\/folhaderondonianews.com\/news\/wp-json\/wp\/v2\/tags?post=34309"}],"curies":[{"name":"wp","href":"https:\/\/api.w.org\/{rel}","templated":true}]}}