{"id":34525,"date":"2022-10-14T15:45:32","date_gmt":"2022-10-14T19:45:32","guid":{"rendered":"https:\/\/folhaderondonianews.com\/news\/?p=34525"},"modified":"2022-10-15T06:14:54","modified_gmt":"2022-10-15T10:14:54","slug":"dois-avcs-e-morte-cerebral-poem-fim-a-vida-do-professor-edio-nascimento","status":"publish","type":"post","link":"https:\/\/folhaderondonianews.com\/news\/2022\/10\/14\/dois-avcs-e-morte-cerebral-poem-fim-a-vida-do-professor-edio-nascimento\/","title":{"rendered":"Dois AVCs e morte cerebral p\u00f5em fim \u00e0 vida do Professor \u00c9dio Nascimento"},"content":{"rendered":"<h3>\u00c9dio do Nascimento Filho era considerado uma das mentes mais brilhantes da pedagogia em Rond\u00f4nia. O enterro ser\u00e1 amanh\u00e3, em Guajar\u00e1-Mirim, Dia do Professor.<\/h3>\n<h5><strong><span style=\"color: #003366;\">Da reda\u00e7\u00e3o &#8211; Roberto Gutierrez<\/span> <\/strong><\/h5>\n<p>Morreu na madrugada de hoje, no hospital Jo\u00e3o Paulo II, em Porto Velho, o professor \u00c9dio do Nascimento Filho. Ele havia sofrido no \u00faltimo dia 12 um acidente vascular cerebral isqu\u00eamico \u00a0(AVCI) em Guajar\u00e1-Mirim, onde morava, foi socorrido ao Hospital Regional e levado \u00e0s pressas para a Capital de Rond\u00f4nia. \u00a0Ontem \u00e0 tarde \u00c9dio sofreu um outro AVC, desta vez hemorr\u00e1gico. Horas depois foi detectado morte cerebral. Por volta das 4 horas da madrugada de hoje o cora\u00e7\u00e3o do professor que completaria 75 anos em dezembro, parou de bater. \u00c9dio ainda lecionava, mas, estava em dispensa m\u00e9dica. O corpo do professor est\u00e1 previsto chegar a Guajar\u00e1-Mirim antes da meia-noite de hoje. O enterro deve acontecer neste s\u00e1bado, Dia do Professor.<\/p>\n<p>Edio deixa a mulher Maria Thereza, os filhos \u00c9rica, Carlos Eduardo, Gisele e Andr\u00e9 Luis, oito netos de sangue, dois do cora\u00e7\u00e3o e uma bisneta. \u00a0Gisele mora em Guajar\u00e1-Mirim, Erica chegou \u00e0 manh\u00e3 de hoje do Rio de Janeiro. Os filhos Carlos e Andr\u00e9 moram em Portugal.<\/p>\n<p>A convite do primo-irm\u00e3o, o veterin\u00e1rio <a href=\"https:\/\/folhaderondonianews.com\/news\/2021\/06\/10\/morre-do-coracao-mario-marcio-decano-da-medicina-veterinaria-em-rondonia\/\">M\u00e1rio M\u00e1rcio de Moraes<\/a>, que morreu em junho do ano passado, \u00c9dio Nascimento acabou vindo Ouro Preto do Oeste em 1985. O primeiro prefeito eleito rec\u00e9m havia tomado posse em 1983, e Ouro Preto era a terra das oportunidades.<\/p>\n<p><strong>\u00c9dio foi delegado sindical<\/strong> do Sintero, ajudou a construir uma das sedes mais bonitas do sindicado dos professores em Rond\u00f4nia na cidade de Ouro Preto, era kardecista, se mudou para Urup\u00e1 onde tamb\u00e9m lecionou. Em 2018 foi para Guajar\u00e1-Mirim j\u00e1 na condi\u00e7\u00e3o de professor federal por conta da transposi\u00e7\u00e3o e pretendia dar entrada com o pedido de aposentadoria logo depois do anivers\u00e1rio dele no dia 14 de dezembro, quando completaria 75 anos.<\/p>\n<p><strong>Bem humorado<\/strong>, \u00c9dio protagonizou uma das cenas mais hil\u00e1rias na d\u00e9cada de 1990, quando foi candidato a vereador em Ouro Preto do Oeste. Como n\u00e3o conseguiu se eleger, juntou-se a outros amigos que tamb\u00e9m n\u00e3o se elegeram e gravaram uma par\u00f3dia muito bem humorada falando sobre o voto prometido pelo eleitor ingrato e n\u00e3o depositado na urna e a inoc\u00eancia de quem acreditou. Esse epis\u00f3dio fez parte de uma reportagem do telejornalismo da Tv Ji-Paran\u00e1 durante a cobertura das elei\u00e7\u00f5es daquele ano.<\/p>\n<p>Nos \u00faltimos anos, tanto em Urup\u00e1, como em Guajar\u00e1-Mirim, \u00c9dio passou a fazer fontes luminosas n\u00e3o para ganhar dinheiro, mas, como hobby<\/p>\n","protected":false},"excerpt":{"rendered":"<div class=\"mh-excerpt\"><p>\u00c9dio do Nascimento Filho era considerado uma das mentes mais brilhantes da pedagogia em Rond\u00f4nia. O enterro ser\u00e1 amanh\u00e3, em Guajar\u00e1-Mirim, Dia do Professor. Da <a class=\"mh-excerpt-more\" href=\"https:\/\/folhaderondonianews.com\/news\/2022\/10\/14\/dois-avcs-e-morte-cerebral-poem-fim-a-vida-do-professor-edio-nascimento\/\" title=\"Dois AVCs e morte cerebral p\u00f5em fim \u00e0 vida do Professor \u00c9dio Nascimento\">[&#8230;]<\/a><\/p>\n<\/div>","protected":false},"author":1,"featured_media":34526,"comment_status":"open","ping_status":"closed","sticky":false,"template":"","format":"standard","meta":{"footnotes":""},"categories":[5],"tags":[7376,7377],"class_list":["post-34525","post","type-post","status-publish","format-standard","has-post-thumbnail","hentry","category-brasil","tag-edio-do-nascimento-filho","tag-professor-edio"],"_links":{"self":[{"href":"https:\/\/folhaderondonianews.com\/news\/wp-json\/wp\/v2\/posts\/34525","targetHints":{"allow":["GET"]}}],"collection":[{"href":"https:\/\/folhaderondonianews.com\/news\/wp-json\/wp\/v2\/posts"}],"about":[{"href":"https:\/\/folhaderondonianews.com\/news\/wp-json\/wp\/v2\/types\/post"}],"author":[{"embeddable":true,"href":"https:\/\/folhaderondonianews.com\/news\/wp-json\/wp\/v2\/users\/1"}],"replies":[{"embeddable":true,"href":"https:\/\/folhaderondonianews.com\/news\/wp-json\/wp\/v2\/comments?post=34525"}],"version-history":[{"count":0,"href":"https:\/\/folhaderondonianews.com\/news\/wp-json\/wp\/v2\/posts\/34525\/revisions"}],"wp:featuredmedia":[{"embeddable":true,"href":"https:\/\/folhaderondonianews.com\/news\/wp-json\/wp\/v2\/media\/34526"}],"wp:attachment":[{"href":"https:\/\/folhaderondonianews.com\/news\/wp-json\/wp\/v2\/media?parent=34525"}],"wp:term":[{"taxonomy":"category","embeddable":true,"href":"https:\/\/folhaderondonianews.com\/news\/wp-json\/wp\/v2\/categories?post=34525"},{"taxonomy":"post_tag","embeddable":true,"href":"https:\/\/folhaderondonianews.com\/news\/wp-json\/wp\/v2\/tags?post=34525"}],"curies":[{"name":"wp","href":"https:\/\/api.w.org\/{rel}","templated":true}]}}