{"id":34543,"date":"2022-10-18T16:03:28","date_gmt":"2022-10-18T20:03:28","guid":{"rendered":"https:\/\/folhaderondonianews.com\/news\/?p=34543"},"modified":"2022-10-18T18:35:19","modified_gmt":"2022-10-18T22:35:19","slug":"atentado-a-bala-em-frente-ao-comite-de-marcos-rogerio-em-rondonia","status":"publish","type":"post","link":"https:\/\/folhaderondonianews.com\/news\/2022\/10\/18\/atentado-a-bala-em-frente-ao-comite-de-marcos-rogerio-em-rondonia\/","title":{"rendered":"Atentado \u00e0 bala em frente ao comit\u00ea de Marcos Rog\u00e9rio em Rond\u00f4nia"},"content":{"rendered":"<h3>A pol\u00edcia descobre que a inten\u00e7\u00e3o do atirador era a de matar um ex-apenado que estava em frente ao comit\u00ea.<\/h3>\n<p>Um motoqueiro armado tenta matar um homem que estava em frente ao comit\u00ea eleitoral do candidato a governador de Rond\u00f4nia Marcos Rog\u00e9rio (PL). O disparos aconteceu hoje por volta das 13 horas em dire\u00e7\u00e3o ao ex-apenado que saiu ileso. O a tentativa de homicido foi na cal\u00e7ada do comit\u00ea da Avenida Rafael Vaz e Silva, no centro de Porto Velho, a capital do Estado.<\/p>\n<p>Uma pessoa que estava do outro lado da rua conseguiu gravar o momento do disparo. Com muita clama, o atirador para em frente ao comit\u00ea, atira, ainda olha de lado antes de ir embora e n\u00e3o consegue acertar o alvo.<\/p>\n<p>Segundo uma fonte policial do jornalista Arimar de S\u00e1, do Rondonot\u00edcias, as investiga\u00e7\u00f5es trabalham com a possibilidade de um acerto de contas. O nome do ex-apenado n\u00e3o foi revelado e a pol\u00edcia tenta descobrir a identidade do atirado.<\/p>\n<p><iframe title=\"YouTube video player\" data-src=\"https:\/\/www.youtube.com\/embed\/ZonH8KBssg0\" width=\"560\" height=\"315\" frameborder=\"0\" allowfullscreen=\"allowfullscreen\" src=\"data:image\/svg+xml;base64,PHN2ZyB3aWR0aD0iMSIgaGVpZ2h0PSIxIiB4bWxucz0iaHR0cDovL3d3dy53My5vcmcvMjAwMC9zdmciPjwvc3ZnPg==\" class=\"lazyload\" data-load-mode=\"1\"><\/iframe><\/p>\n","protected":false},"excerpt":{"rendered":"<div class=\"mh-excerpt\"><p>A pol\u00edcia descobre que a inten\u00e7\u00e3o do atirador era a de matar um ex-apenado que estava em frente ao comit\u00ea. Um motoqueiro armado tenta matar <a class=\"mh-excerpt-more\" href=\"https:\/\/folhaderondonianews.com\/news\/2022\/10\/18\/atentado-a-bala-em-frente-ao-comite-de-marcos-rogerio-em-rondonia\/\" title=\"Atentado \u00e0 bala em frente ao comit\u00ea de Marcos Rog\u00e9rio em Rond\u00f4nia\">[&#8230;]<\/a><\/p>\n<\/div>","protected":false},"author":1,"featured_media":34544,"comment_status":"open","ping_status":"closed","sticky":false,"template":"","format":"standard","meta":{"footnotes":""},"categories":[11],"tags":[3034,7378,6128,1054,42],"class_list":["post-34543","post","type-post","status-publish","format-standard","has-post-thumbnail","hentry","category-policia","tag-atentado-a-bala","tag-atirador","tag-comite","tag-marcos-rogerio","tag-rondonia"],"_links":{"self":[{"href":"https:\/\/folhaderondonianews.com\/news\/wp-json\/wp\/v2\/posts\/34543","targetHints":{"allow":["GET"]}}],"collection":[{"href":"https:\/\/folhaderondonianews.com\/news\/wp-json\/wp\/v2\/posts"}],"about":[{"href":"https:\/\/folhaderondonianews.com\/news\/wp-json\/wp\/v2\/types\/post"}],"author":[{"embeddable":true,"href":"https:\/\/folhaderondonianews.com\/news\/wp-json\/wp\/v2\/users\/1"}],"replies":[{"embeddable":true,"href":"https:\/\/folhaderondonianews.com\/news\/wp-json\/wp\/v2\/comments?post=34543"}],"version-history":[{"count":0,"href":"https:\/\/folhaderondonianews.com\/news\/wp-json\/wp\/v2\/posts\/34543\/revisions"}],"wp:featuredmedia":[{"embeddable":true,"href":"https:\/\/folhaderondonianews.com\/news\/wp-json\/wp\/v2\/media\/34544"}],"wp:attachment":[{"href":"https:\/\/folhaderondonianews.com\/news\/wp-json\/wp\/v2\/media?parent=34543"}],"wp:term":[{"taxonomy":"category","embeddable":true,"href":"https:\/\/folhaderondonianews.com\/news\/wp-json\/wp\/v2\/categories?post=34543"},{"taxonomy":"post_tag","embeddable":true,"href":"https:\/\/folhaderondonianews.com\/news\/wp-json\/wp\/v2\/tags?post=34543"}],"curies":[{"name":"wp","href":"https:\/\/api.w.org\/{rel}","templated":true}]}}