{"id":34657,"date":"2022-11-03T18:22:21","date_gmt":"2022-11-03T22:22:21","guid":{"rendered":"https:\/\/folhaderondonianews.com\/news\/?p=34657"},"modified":"2022-11-04T10:14:47","modified_gmt":"2022-11-04T14:14:47","slug":"equipe-de-transicao-sera-auxiliada-por-senador-de-rondonia-sobre-orcamento-2023-da-saude","status":"publish","type":"post","link":"https:\/\/folhaderondonianews.com\/news\/2022\/11\/03\/equipe-de-transicao-sera-auxiliada-por-senador-de-rondonia-sobre-orcamento-2023-da-saude\/","title":{"rendered":"Equipe de Transi\u00e7\u00e3o ser\u00e1 auxiliada por senador de Rond\u00f4nia sobre or\u00e7amento 2023 da sa\u00fade"},"content":{"rendered":"<h3>Senador Conf\u00facio Moura (MDB-RO)\u00a0 \u00e9 o sub-relator\u00a0 de or\u00e7amento da sa\u00fade para 2023 no Senado.<\/h3>\n<p>O senador Conf\u00facio Moura (MDB-RO) \u00e9 convidado pelo relator-geral do Or\u00e7amento da Uni\u00e3o \u00a0senador Marcelo Castro (MDB-PI), para discutir com a equipe de Transi\u00e7\u00e3o do governo eleito para que seja feito os ajustes e reajustes para o exerc\u00edcio de 2023. Conf\u00facio \u00e9 o sub-relator\u00a0 de or\u00e7amento da sa\u00fade no Senado. &#8220;Esta \u00e9 a \u00e1rea mais sens\u00edvel de todas as pol\u00edticas p\u00fablicas e representa o maior or\u00e7amento impactado. H\u00e1 muito ainda o que discutir&#8221;, disse. Conf\u00facio participou da reuni\u00e3o com o vice-presidente eleito Geraldo Alckmim\u00a0 Conf\u00facio.<iframe title=\"YouTube video player\" data-src=\"https:\/\/www.youtube.com\/embed\/w67FDG6vKwE\" width=\"560\" height=\"315\" frameborder=\"0\" allowfullscreen=\"allowfullscreen\" src=\"data:image\/svg+xml;base64,PHN2ZyB3aWR0aD0iMSIgaGVpZ2h0PSIxIiB4bWxucz0iaHR0cDovL3d3dy53My5vcmcvMjAwMC9zdmciPjwvc3ZnPg==\" class=\"lazyload\" data-load-mode=\"1\"><\/iframe>Marcelo Castro (MDB-PI), disse que h\u00e1 preocupa\u00e7\u00e3o em manter o bolsa-fam\u00edlia de R$ 600 para pagamento a partir de janeiro e que n\u00e3o haja interrup\u00e7\u00e3o de servi\u00e7os e obras. Segundo Alckmin, para isso, ser\u00e1 necess\u00e1rio aprovar uma \u201cPEC da Transi\u00e7\u00e3o\u201d e a Lei Or\u00e7ament\u00e1ria at\u00e9 meados de dezembro. Ele disse que dever\u00e1 haver nova reuni\u00e3o sobre essas quest\u00f5es na ter\u00e7a-feira (8).<\/p>\n<p><img decoding=\"async\" class=\"size-medium wp-image-34665 alignleft lazyload\" data-src=\"https:\/\/folhaderondonianews.com\/news\/wp-content\/uploads\/2022\/11\/confucio-orcamento-saude-2023-300x169.jpg\" alt=\"\" width=\"300\" height=\"169\" data-srcset=\"https:\/\/folhaderondonianews.com\/news\/wp-content\/uploads\/2022\/11\/confucio-orcamento-saude-2023-300x169.jpg 300w, https:\/\/folhaderondonianews.com\/news\/wp-content\/uploads\/2022\/11\/confucio-orcamento-saude-2023.jpg 640w\" data-sizes=\"(max-width: 300px) 100vw, 300px\" src=\"data:image\/svg+xml;base64,PHN2ZyB3aWR0aD0iMSIgaGVpZ2h0PSIxIiB4bWxucz0iaHR0cDovL3d3dy53My5vcmcvMjAwMC9zdmciPjwvc3ZnPg==\" style=\"--smush-placeholder-width: 300px; --smush-placeholder-aspect-ratio: 300\/169;\" \/>Ontem mesmo o senador Conf\u00facio Moura, relator setorial do Or\u00e7amento da \u00e1rea de sa\u00fade para 2023, participou de uma importante reuni\u00e3o nesta quinta-feira (03), na lideran\u00e7a do MDB no Senado Federal, com o coordenador de transi\u00e7\u00e3o e vice-presidente eleito da Rep\u00fablica, Geraldo Alckmin, que apresentou \u00e0 casa as principais demandas de ajustes or\u00e7ament\u00e1rios para o exerc\u00edcio, a serem analisadas pela Comiss\u00e3o Mista de Or\u00e7amento (CMO).<\/p>\n<p>O convite partiu do Relator Geral do Or\u00e7amento, senador Marcelo Castro (MDB-PI), eis que o or\u00e7amento da sa\u00fade \u00e9 o maior e corresponde \u00e0 \u00e1rea mais sens\u00edvel de todas as pol\u00edticas p\u00fablicas impactadas. Conf\u00facio tamb\u00e9m presidiu por dois anos a Comiss\u00e3o Mista de Acompanhamento da COVID no Congresso Nacional (CN-COVID) e a Comiss\u00e3o de Acompanhamento da COVID no Senado Federal (CT-COVID), das quais surgiram v\u00e1rias solu\u00e7\u00f5es para os impactos da pandemia, dentre elas a aprova\u00e7\u00e3o do aux\u00edlio emergencial.<\/p>\n<p>Conf\u00facio Moura considerou a reuni\u00e3o muito produtiva e cort\u00eas. Ele lembrou que a Comiss\u00e3o Mista de Or\u00e7amento (CMO) teve suas reuni\u00f5es interrompidas durante o per\u00edodo eleitoral, e agora deve correr contra o tempo para que o or\u00e7amento esteja pronto at\u00e9 o dia 18 de dezembro, destacando que ser\u00e3o necess\u00e1rios importantes ajustes para atender a sa\u00fade, especialmente quanto a amplia\u00e7\u00e3o de verbas para a Farm\u00e1cia Popular, para a redu\u00e7\u00e3o da fila eletiva do SUS, garantia de vacinas, cobertura da sa\u00fade ind\u00edgena e para o tratamento do c\u00e2ncer.<\/p>\n<p>Moura explicou que \u00e9 dever da relatoria ouvir as propostas de adequa\u00e7\u00e3o do presidente eleito, Luiz In\u00e1cio Lula da Silva, antes de finalizar os ajustes que ir\u00e3o impactar na sua gest\u00e3o. \u201c\u00c9 que muita coisa que ele prometeu, como o aux\u00edlio emergencial de R$ 600 e a manuten\u00e7\u00e3o da Farm\u00e1cia Popular, dentre outros, est\u00e3o desprovidos de recursos na sua totalidade, j\u00e1 que a proposta inicial protocolada na casa n\u00e3o tem margem de atendimento. Al\u00e9m disso, n\u00f3s defendemos que a sa\u00fade \u00e9 prioridade e ainda est\u00e1 muito prejudicada, necessitando de alinhamento entre congresso e governo para que a popula\u00e7\u00e3o n\u00e3o fique desamparada\u201d, explicou o senador rondoniense.<\/p>\n<p>O parlamentar considera que a Comiss\u00e3o de Or\u00e7amento precisar\u00e1 analisar ainda como acontecer\u00e3o os ajustes, mas n\u00e3o est\u00e3o descartados remanejamentos internos e, at\u00e9, se necess\u00e1rio, recorrer a uma emenda constitucional (PEC) visando alcan\u00e7ar a flexibilidade inicial do teto dos gastos p\u00fablicos para atender essas demandas indispens\u00e1veis.<\/p>\n","protected":false},"excerpt":{"rendered":"<div class=\"mh-excerpt\"><p>Senador Conf\u00facio Moura (MDB-RO)\u00a0 \u00e9 o sub-relator\u00a0 de or\u00e7amento da sa\u00fade para 2023 no Senado. O senador Conf\u00facio Moura (MDB-RO) \u00e9 convidado pelo relator-geral do <a class=\"mh-excerpt-more\" href=\"https:\/\/folhaderondonianews.com\/news\/2022\/11\/03\/equipe-de-transicao-sera-auxiliada-por-senador-de-rondonia-sobre-orcamento-2023-da-saude\/\" title=\"Equipe de Transi\u00e7\u00e3o ser\u00e1 auxiliada por senador de Rond\u00f4nia sobre or\u00e7amento 2023 da sa\u00fade\">[&#8230;]<\/a><\/p>\n<\/div>","protected":false},"author":1,"featured_media":34658,"comment_status":"open","ping_status":"closed","sticky":false,"template":"","format":"standard","meta":{"footnotes":""},"categories":[9],"tags":[],"class_list":["post-34657","post","type-post","status-publish","format-standard","has-post-thumbnail","hentry","category-politica"],"_links":{"self":[{"href":"https:\/\/folhaderondonianews.com\/news\/wp-json\/wp\/v2\/posts\/34657","targetHints":{"allow":["GET"]}}],"collection":[{"href":"https:\/\/folhaderondonianews.com\/news\/wp-json\/wp\/v2\/posts"}],"about":[{"href":"https:\/\/folhaderondonianews.com\/news\/wp-json\/wp\/v2\/types\/post"}],"author":[{"embeddable":true,"href":"https:\/\/folhaderondonianews.com\/news\/wp-json\/wp\/v2\/users\/1"}],"replies":[{"embeddable":true,"href":"https:\/\/folhaderondonianews.com\/news\/wp-json\/wp\/v2\/comments?post=34657"}],"version-history":[{"count":0,"href":"https:\/\/folhaderondonianews.com\/news\/wp-json\/wp\/v2\/posts\/34657\/revisions"}],"wp:featuredmedia":[{"embeddable":true,"href":"https:\/\/folhaderondonianews.com\/news\/wp-json\/wp\/v2\/media\/34658"}],"wp:attachment":[{"href":"https:\/\/folhaderondonianews.com\/news\/wp-json\/wp\/v2\/media?parent=34657"}],"wp:term":[{"taxonomy":"category","embeddable":true,"href":"https:\/\/folhaderondonianews.com\/news\/wp-json\/wp\/v2\/categories?post=34657"},{"taxonomy":"post_tag","embeddable":true,"href":"https:\/\/folhaderondonianews.com\/news\/wp-json\/wp\/v2\/tags?post=34657"}],"curies":[{"name":"wp","href":"https:\/\/api.w.org\/{rel}","templated":true}]}}