{"id":34660,"date":"2022-11-04T09:39:52","date_gmt":"2022-11-04T13:39:52","guid":{"rendered":"https:\/\/folhaderondonianews.com\/news\/?p=34660"},"modified":"2022-11-04T09:39:52","modified_gmt":"2022-11-04T13:39:52","slug":"justica-obriga-funai-sepultar-indio-do-buraco-a-pedido-da-ministerio-publico-federal","status":"publish","type":"post","link":"https:\/\/folhaderondonianews.com\/news\/2022\/11\/04\/justica-obriga-funai-sepultar-indio-do-buraco-a-pedido-da-ministerio-publico-federal\/","title":{"rendered":"Justi\u00e7a obriga Funai sepultar \u201c\u00edndio do buraco\u201d a pedido da Minist\u00e9rio P\u00fablico Federal"},"content":{"rendered":"<h3>O \u00edndio do buraco era o \u00fanico sobrevivente de uma etnia desconhecida em condi\u00e7\u00f5es de isolamento. Ele foi achado morto e corpo levado para Bras\u00edlia. Ele vivia na terra ind\u00edgena Tanaru, em Corumbiara, no Cone sul de Rond\u00f4nia.<\/h3>\n<p>A Justi\u00e7a Federal em Vilhena (RO) atendeu ao pedido urgente do Minist\u00e9rio P\u00fablico Federal (MPF) e determinou que a Funda\u00e7\u00e3o Nacional do \u00cdndio (Funai) fa\u00e7a o sepultamento do \u00edndio do buraco. O enterro deve ocorrer em at\u00e9 cinco dias, na palho\u00e7a onde ele foi encontrado morto, na terra ind\u00edgena Tanaru, e de acordo com as tradi\u00e7\u00f5es ind\u00edgenas da regi\u00e3o.<br aria-hidden=\"true\" \/>Ap\u00f3s ser achado morto, o corpo do ind\u00edgena foi levado \u00e0 sede da Pol\u00edcia Federal (PF) em Bras\u00edlia para coleta de materiais a fim realiza\u00e7\u00e3o de exames e laudos sobre a causa da sua morte. A PF fez as coletas e devolveu o corpo do \u00edndio do buraco para sua unidade em Vilhena, onde ele permanece at\u00e9 agora. Seu sepultamento havia sido marcado no in\u00edcio do m\u00eas passado mas foi suspenso por of\u00edcio da presid\u00eancia da Funai.<strong> Document\u00e1rio feito em 1986 para descobrir mais sobre o \u00cdndio do Buraco.<iframe title=\"YouTube video player\" data-src=\"https:\/\/www.youtube.com\/embed\/ONNKDTfVqcc\" width=\"560\" height=\"315\" frameborder=\"0\" allowfullscreen=\"allowfullscreen\" src=\"data:image\/svg+xml;base64,PHN2ZyB3aWR0aD0iMSIgaGVpZ2h0PSIxIiB4bWxucz0iaHR0cDovL3d3dy53My5vcmcvMjAwMC9zdmciPjwvc3ZnPg==\" class=\"lazyload\" data-load-mode=\"1\"><\/iframe><\/strong>Na a\u00e7\u00e3o julgada pela Justi\u00e7a, o MPF argumentou que a demora no sepultamento do ind\u00edgena desrespeitava sua dignidade e sua mem\u00f3ria, bem como de seu povo, dos povos ind\u00edgenas de Rond\u00f4nia e do Brasil e tamb\u00e9m dos servidores da Funai que o salvaram do exterm\u00ednio e atuaram por d\u00e9cadas na sua prote\u00e7\u00e3o. A Funai se manifestou \u00e0 Justi\u00e7a informando que n\u00e3o tinha obriga\u00e7\u00e3o legal de sepultar o ind\u00edgena, mas esse argumento n\u00e3o foi aceito pelo juiz federal porque, por lei, a Funai \u00e9 a institui\u00e7\u00e3o respons\u00e1vel por garantir o respeito \u00e0 pessoa do ind\u00edgena e sua preserva\u00e7\u00e3o cultural.<br aria-hidden=\"true\" \/>O \u00edndio do buraco era o \u00fanico sobrevivente de uma etnia desconhecida em condi\u00e7\u00e3o de isolamento. Ap\u00f3s o genoc\u00eddio de seu povo, ele viveu em isolamento na sua terra por quase tr\u00eas d\u00e9cadas, nunca quis aproxima\u00e7\u00e3o de qualquer pessoa. A caracter\u00edstica que possui maior destaque entre seus h\u00e1bitos \u00e9 o buraco escavado por ele em todas as suas habita\u00e7\u00f5es identificadas.<br aria-hidden=\"true\" \/><br aria-hidden=\"true\" \/>A a\u00e7\u00e3o \u00e9 a de n\u00famero 1002480-07.2022.4.01.4103 e pode ser consultada no site da Justi\u00e7a Federal.<\/p>\n<p>[\u00cdntegra da liminar]\u00cdntegra da liminar<\/p>\n","protected":false},"excerpt":{"rendered":"<div class=\"mh-excerpt\"><p>O \u00edndio do buraco era o \u00fanico sobrevivente de uma etnia desconhecida em condi\u00e7\u00f5es de isolamento. Ele foi achado morto e corpo levado para Bras\u00edlia. <a class=\"mh-excerpt-more\" href=\"https:\/\/folhaderondonianews.com\/news\/2022\/11\/04\/justica-obriga-funai-sepultar-indio-do-buraco-a-pedido-da-ministerio-publico-federal\/\" title=\"Justi\u00e7a obriga Funai sepultar \u201c\u00edndio do buraco\u201d a pedido da Minist\u00e9rio P\u00fablico Federal\">[&#8230;]<\/a><\/p>\n<\/div>","protected":false},"author":1,"featured_media":34662,"comment_status":"open","ping_status":"closed","sticky":false,"template":"","format":"standard","meta":{"footnotes":""},"categories":[5],"tags":[],"class_list":["post-34660","post","type-post","status-publish","format-standard","has-post-thumbnail","hentry","category-brasil"],"_links":{"self":[{"href":"https:\/\/folhaderondonianews.com\/news\/wp-json\/wp\/v2\/posts\/34660","targetHints":{"allow":["GET"]}}],"collection":[{"href":"https:\/\/folhaderondonianews.com\/news\/wp-json\/wp\/v2\/posts"}],"about":[{"href":"https:\/\/folhaderondonianews.com\/news\/wp-json\/wp\/v2\/types\/post"}],"author":[{"embeddable":true,"href":"https:\/\/folhaderondonianews.com\/news\/wp-json\/wp\/v2\/users\/1"}],"replies":[{"embeddable":true,"href":"https:\/\/folhaderondonianews.com\/news\/wp-json\/wp\/v2\/comments?post=34660"}],"version-history":[{"count":0,"href":"https:\/\/folhaderondonianews.com\/news\/wp-json\/wp\/v2\/posts\/34660\/revisions"}],"wp:featuredmedia":[{"embeddable":true,"href":"https:\/\/folhaderondonianews.com\/news\/wp-json\/wp\/v2\/media\/34662"}],"wp:attachment":[{"href":"https:\/\/folhaderondonianews.com\/news\/wp-json\/wp\/v2\/media?parent=34660"}],"wp:term":[{"taxonomy":"category","embeddable":true,"href":"https:\/\/folhaderondonianews.com\/news\/wp-json\/wp\/v2\/categories?post=34660"},{"taxonomy":"post_tag","embeddable":true,"href":"https:\/\/folhaderondonianews.com\/news\/wp-json\/wp\/v2\/tags?post=34660"}],"curies":[{"name":"wp","href":"https:\/\/api.w.org\/{rel}","templated":true}]}}