{"id":34669,"date":"2022-11-06T23:58:22","date_gmt":"2022-11-07T03:58:22","guid":{"rendered":"https:\/\/folhaderondonianews.com\/news\/?p=34669"},"modified":"2022-11-07T00:11:18","modified_gmt":"2022-11-07T04:11:18","slug":"morre-do-coracao-guilherme-de-padua-assassino-de-daniela-peres","status":"publish","type":"post","link":"https:\/\/folhaderondonianews.com\/news\/2022\/11\/06\/morre-do-coracao-guilherme-de-padua-assassino-de-daniela-peres\/","title":{"rendered":"&#8220;Morre do cora\u00e7\u00e3o Guilherme de P\u00e1dua&#8221;, assassino de Daniela Peres"},"content":{"rendered":"<h3>Informa\u00e7\u00e3o foi divulgada por M\u00e1rcio Valad\u00e3o, da Igreja Batista da Lagoinha, onde ex-ator se tornou pastor anos ap\u00f3s cumprir pena por matar Daniella Perez.<\/h3>\n<p class=\"text\">Guilherme de P\u00e1dua,\u00a0<a href=\"https:\/\/www.terra.com.br\/diversao\/gente\/gloria-perez-sobre-guilherme-de-padua-nao-existe-psicopata-recuperado,3a312ff3a8d1175bd0e4a7ee7478a581f1lm8im1.html\">assassino da atriz Daniella Perez<\/a>, morreu neste domingo (6), aos 53 anos, em\u00a0<a href=\"https:\/\/www.terra.com.br\/noticias\/brasil\/cidades\/\">Belo Horizonte<\/a>. O ex-ator teria vindo a \u00f3bito em sua resid\u00eancia, ap\u00f3s ter um infarto. A informa\u00e7\u00e3o foi divulgada em uma live pelo pastor M\u00e1rcio Valad\u00e3o, da Igreja Batista da Lagoinha, onde o ex-ator se tornou pastor anos depois de matar Daniella, filha da dramaturga Gloria Perez, em 1992.&lt;<\/p>\n<blockquote class=\"tiktok-embed\" style=\"max-width: 605px; min-width: 325px;\" cite=\"https:\/\/www.tiktok.com\/@metropolesoficial\/video\/7163097453951044869\" data-video-id=\"7163097453951044869\">\n<section><a title=\"@metropolesoficial\" href=\"https:\/\/www.tiktok.com\/@metropolesoficial?refer=embed\" target=\"_blank\" rel=\"noopener\">@metropolesoficial<\/a> Veja o momento em que o pastor Marcos Valad\u00e3o informa sobre a morte de Guilherme de P\u00e1dua, assassino de <a title=\"daniellaperez\" href=\"https:\/\/www.tiktok.com\/tag\/daniellaperez?refer=embed\" target=\"_blank\" rel=\"noopener\">#DaniellaPerez<\/a>. \u201cDentro de casa, caiu e morreu. Morreu agorinha. Acabou de morrer\u201d, afirmou o religioso em uma live. <a title=\"entret\u00eanews\" href=\"https:\/\/www.tiktok.com\/tag\/entret%C3%AAnews?refer=embed\" target=\"_blank\" rel=\"noopener\">#Entret\u00eaNews<\/a> <a title=\"\u266c som original - Metr\u00f3poles Oficial\" href=\"https:\/\/www.tiktok.com\/music\/som-original-7163097535756765957?refer=embed\" target=\"_blank\" rel=\"noopener\">\u266c som original &#8211; Metr\u00f3poles Oficial<\/a><\/section>\n<\/blockquote>\n<p><script async src=\"https:\/\/www.tiktok.com\/embed.js\"><\/script>\/p&gt;<\/p>\n<p class=\"text\">&#8220;Pouco antes das 22h, recebi o telefonema de uma irm\u00e3 falando de um dos nossos pastores que acabou de falecer. Pra mim foi um impacto muito grande, porque hoje de manh\u00e3 eu dirigi o culto e ele estava com a esposa no primeiro banco. Ele praticou aquele crime t\u00e3o terr\u00edvel com a Daniela Perez, foi preso, cumpriu a pena e se converteu. Ele tava dentro de casa, caiu e morreu. Acabou de morrer&#8221;, relatou Valad\u00e3o.<\/p>\n<p class=\"text\">&#8220;Ele j\u00e1 estava conosco h\u00e1 15 anos, e o trabalho pastoral dele era justamente cuidar de outros ex-detentos&#8221;, acrescentou o pastor.<\/p>\n","protected":false},"excerpt":{"rendered":"<div class=\"mh-excerpt\"><p>Informa\u00e7\u00e3o foi divulgada por M\u00e1rcio Valad\u00e3o, da Igreja Batista da Lagoinha, onde ex-ator se tornou pastor anos ap\u00f3s cumprir pena por matar Daniella Perez. Guilherme <a class=\"mh-excerpt-more\" href=\"https:\/\/folhaderondonianews.com\/news\/2022\/11\/06\/morre-do-coracao-guilherme-de-padua-assassino-de-daniela-peres\/\" title=\"&#8220;Morre do cora\u00e7\u00e3o Guilherme de P\u00e1dua&#8221;, assassino de Daniela Peres\">[&#8230;]<\/a><\/p>\n<\/div>","protected":false},"author":1,"featured_media":34672,"comment_status":"open","ping_status":"closed","sticky":false,"template":"","format":"standard","meta":{"footnotes":""},"categories":[5],"tags":[7383,94],"class_list":["post-34669","post","type-post","status-publish","format-standard","has-post-thumbnail","hentry","category-brasil","tag-guilherme-de-padua","tag-morre"],"_links":{"self":[{"href":"https:\/\/folhaderondonianews.com\/news\/wp-json\/wp\/v2\/posts\/34669","targetHints":{"allow":["GET"]}}],"collection":[{"href":"https:\/\/folhaderondonianews.com\/news\/wp-json\/wp\/v2\/posts"}],"about":[{"href":"https:\/\/folhaderondonianews.com\/news\/wp-json\/wp\/v2\/types\/post"}],"author":[{"embeddable":true,"href":"https:\/\/folhaderondonianews.com\/news\/wp-json\/wp\/v2\/users\/1"}],"replies":[{"embeddable":true,"href":"https:\/\/folhaderondonianews.com\/news\/wp-json\/wp\/v2\/comments?post=34669"}],"version-history":[{"count":0,"href":"https:\/\/folhaderondonianews.com\/news\/wp-json\/wp\/v2\/posts\/34669\/revisions"}],"wp:featuredmedia":[{"embeddable":true,"href":"https:\/\/folhaderondonianews.com\/news\/wp-json\/wp\/v2\/media\/34672"}],"wp:attachment":[{"href":"https:\/\/folhaderondonianews.com\/news\/wp-json\/wp\/v2\/media?parent=34669"}],"wp:term":[{"taxonomy":"category","embeddable":true,"href":"https:\/\/folhaderondonianews.com\/news\/wp-json\/wp\/v2\/categories?post=34669"},{"taxonomy":"post_tag","embeddable":true,"href":"https:\/\/folhaderondonianews.com\/news\/wp-json\/wp\/v2\/tags?post=34669"}],"curies":[{"name":"wp","href":"https:\/\/api.w.org\/{rel}","templated":true}]}}