{"id":34714,"date":"2022-11-17T19:39:27","date_gmt":"2022-11-17T23:39:27","guid":{"rendered":"https:\/\/folhaderondonianews.com\/news\/?p=34714"},"modified":"2022-11-17T19:41:30","modified_gmt":"2022-11-17T23:41:30","slug":"indevidamente-mais-de-79-mil-militares-receberam-auxilio-emergencial","status":"publish","type":"post","link":"https:\/\/folhaderondonianews.com\/news\/2022\/11\/17\/indevidamente-mais-de-79-mil-militares-receberam-auxilio-emergencial\/","title":{"rendered":"Indevidamente, mais de 79 mil militares receberam Aux\u00edlio Emergencial"},"content":{"rendered":"<h3>De acordo com Tribunal de Contas da Uni\u00e3o, no primeiro m\u00eas de pagamento do Aux\u00edlio, apenas o Minist\u00e9rio da Cidadania tinha acesso aos nomes dos beneficiados.<\/h3>\n<p class=\"texto\"><a href=\"https:\/\/www.correiobraziliense.com.br\/politica\/2022\/11\/5052474-mais-de-79-mil-militares-receberam-auxilio-emergencial-indevidamente.html\">Correio Braziliense<\/a> &#8220;O TCU identificou logo no primeiro m\u00eas [de pagamento do aux\u00edlio] mais de 79 mil militares que recebiam indevidamente o Aux\u00edlio Emergencial. Por que indevidamente? Porque um dos crit\u00e9rios de elegibilidade [para receber o benef\u00edcio] era que as pessoas fossem desempregadas. Ent\u00e3o quem era militar n\u00e3o podia receber aquele aux\u00edlio&#8221;, disse Dantas. Ap\u00f3s o primeiro m\u00eas de pagamento do Aux\u00edlio, a lista dos benefici\u00e1rios se tornou p\u00fablica e foi disponibilizada na internet. Ontem (16\/11), o TCU apresentou ao governo de transi\u00e7\u00e3o da Presid\u00eancia da Rep\u00fablica uma s\u00e9rie de relat\u00f3rios de riscos na administra\u00e7\u00e3o p\u00fablica federal. O documento aponta 29 \u00e1reas cr\u00edticas da m\u00e1quina p\u00fablica.<\/p>\n<blockquote class=\"tiktok-embed\" style=\"max-width: 605px; min-width: 325px;\" cite=\"https:\/\/www.tiktok.com\/@zildeteleal\/video\/7166819452191837446\" data-video-id=\"7166819452191837446\">\n<section><a title=\"@zildeteleal\" href=\"https:\/\/www.tiktok.com\/@zildeteleal?refer=embed\" target=\"_blank\" rel=\"noopener\">@zildeteleal<\/a> <a title=\"democracia\" href=\"https:\/\/www.tiktok.com\/tag\/democracia?refer=embed\" target=\"_blank\" rel=\"noopener\">#democracia<\/a> <a title=\"elei\u00e7oes\" href=\"https:\/\/www.tiktok.com\/tag\/elei%C3%A7oes?refer=embed\" target=\"_blank\" rel=\"noopener\">#elei\u00e7oes<\/a> <a title=\"justi\u00e7a\" href=\"https:\/\/www.tiktok.com\/tag\/justi%C3%A7a?refer=embed\" target=\"_blank\" rel=\"noopener\">#justi\u00e7a<\/a> <a title=\"lei\" href=\"https:\/\/www.tiktok.com\/tag\/lei?refer=embed\" target=\"_blank\" rel=\"noopener\">#lei<\/a> <a title=\"direito\" href=\"https:\/\/www.tiktok.com\/tag\/direito?refer=embed\" target=\"_blank\" rel=\"noopener\">#direito<\/a> <a title=\"auxilioemergencial\" href=\"https:\/\/www.tiktok.com\/tag\/auxilioemergencial?refer=embed\" target=\"_blank\" rel=\"noopener\">#auxilioemergencial<\/a> <a title=\"auxilio\" href=\"https:\/\/www.tiktok.com\/tag\/auxilio?refer=embed\" target=\"_blank\" rel=\"noopener\">#auxilio<\/a> <a title=\"brasil&#x1f1e7;&#x1f1f7;\" href=\"https:\/\/www.tiktok.com\/tag\/brasil%F0%9F%87%A7%F0%9F%87%B7?refer=embed\" target=\"_blank\" rel=\"noopener\">#brasil&#x1f1e7;&#x1f1f7;<\/a> <a title=\"tiktok\" href=\"https:\/\/www.tiktok.com\/tag\/tiktok?refer=embed\" target=\"_blank\" rel=\"noopener\">#tiktok<\/a> <a title=\"viralvideo\" href=\"https:\/\/www.tiktok.com\/tag\/viralvideo?refer=embed\" target=\"_blank\" rel=\"noopener\">#viralvideo<\/a> <a title=\"viral\" href=\"https:\/\/www.tiktok.com\/tag\/viral?refer=embed\" target=\"_blank\" rel=\"noopener\">#viral<\/a> <a title=\"\u266c som original - Zildete Leal\" href=\"https:\/\/www.tiktok.com\/music\/som-original-7166819398873910022?refer=embed\" target=\"_blank\" rel=\"noopener\">\u266c som original &#8211; Zildete Leal<\/a><\/section>\n<\/blockquote>\n<p><script async src=\"https:\/\/www.tiktok.com\/embed.js\"><\/script><\/p>\n","protected":false},"excerpt":{"rendered":"<div class=\"mh-excerpt\"><p>De acordo com Tribunal de Contas da Uni\u00e3o, no primeiro m\u00eas de pagamento do Aux\u00edlio, apenas o Minist\u00e9rio da Cidadania tinha acesso aos nomes dos beneficiados.<\/p>\n<\/div>","protected":false},"author":1,"featured_media":34718,"comment_status":"open","ping_status":"closed","sticky":false,"template":"","format":"standard","meta":{"footnotes":""},"categories":[9],"tags":[6284,2902,7388],"class_list":["post-34714","post","type-post","status-publish","format-standard","has-post-thumbnail","hentry","category-politica","tag-auxilio-emergencial","tag-militares","tag-tcu"],"_links":{"self":[{"href":"https:\/\/folhaderondonianews.com\/news\/wp-json\/wp\/v2\/posts\/34714","targetHints":{"allow":["GET"]}}],"collection":[{"href":"https:\/\/folhaderondonianews.com\/news\/wp-json\/wp\/v2\/posts"}],"about":[{"href":"https:\/\/folhaderondonianews.com\/news\/wp-json\/wp\/v2\/types\/post"}],"author":[{"embeddable":true,"href":"https:\/\/folhaderondonianews.com\/news\/wp-json\/wp\/v2\/users\/1"}],"replies":[{"embeddable":true,"href":"https:\/\/folhaderondonianews.com\/news\/wp-json\/wp\/v2\/comments?post=34714"}],"version-history":[{"count":0,"href":"https:\/\/folhaderondonianews.com\/news\/wp-json\/wp\/v2\/posts\/34714\/revisions"}],"wp:featuredmedia":[{"embeddable":true,"href":"https:\/\/folhaderondonianews.com\/news\/wp-json\/wp\/v2\/media\/34718"}],"wp:attachment":[{"href":"https:\/\/folhaderondonianews.com\/news\/wp-json\/wp\/v2\/media?parent=34714"}],"wp:term":[{"taxonomy":"category","embeddable":true,"href":"https:\/\/folhaderondonianews.com\/news\/wp-json\/wp\/v2\/categories?post=34714"},{"taxonomy":"post_tag","embeddable":true,"href":"https:\/\/folhaderondonianews.com\/news\/wp-json\/wp\/v2\/tags?post=34714"}],"curies":[{"name":"wp","href":"https:\/\/api.w.org\/{rel}","templated":true}]}}