{"id":35043,"date":"2023-01-07T10:59:31","date_gmt":"2023-01-07T14:59:31","guid":{"rendered":"https:\/\/folhaderondonianews.com\/news\/?p=35043"},"modified":"2023-01-07T17:22:48","modified_gmt":"2023-01-07T21:22:48","slug":"morre-em-ji-parana-o-ex-senador-de-rondonia-alcides-paio","status":"publish","type":"post","link":"https:\/\/folhaderondonianews.com\/news\/2023\/01\/07\/morre-em-ji-parana-o-ex-senador-de-rondonia-alcides-paio\/","title":{"rendered":"Morre em Ji-Paran\u00e1 o ex-senador de Rond\u00f4nia Alcides Paio"},"content":{"rendered":"<h3>Alcides Paio foi a maior celebridade do radialismo no interior de Rond\u00f4nia no fim da d\u00e9cada de 1970.<\/h3>\n<p><strong>Roberto Gutierrez<\/strong> &#8211; Morre aos 87 anos de idade o ex-senador da Rep\u00fablica por Rond\u00f4nia, o radialista Alcides Paio. Ele estava j\u00e1 por algum tempo enfrentando m\u00faltiplos problemas de sa\u00fade e morreu na madrugada de hoje\u00a0 num hospital particular em Ji-Paran\u00e1. O vel\u00f3rio do veterano da comunica\u00e7\u00e3o no interior de Rond\u00f4nia acontece na Igreja Cat\u00f3lica da Comunidade Divino Esp\u00edrito Santo, bairro Dom Bosco, em Ji-Paran\u00e1. O enterro est\u00e1 programado para acontecer \u00e0s 16 hora de hoje.\u00a0 Alcides deixa a esposa Maria Helena da Silvia Paio, os filhos Pedro, S\u00e9rgio, Sandro, Cristina, Marcos Alcides e Rita Paio, al\u00e9m 13 netos e sete bisnetos.<\/p>\n<p>&nbsp;<\/p>\n<p>Paulista de Mar\u00edlia, Alcides Paio se mudou para Goioer\u00ea, interior do Paran\u00e1 onde se tornou vereador em 1972. Chegou a ocupar a presid\u00eancia da C\u00e2mara, mas, foi no jornalismo, em especial, no r\u00e1dio, que Alcides Paio se completava. Foi superintendente da R\u00e1dio Goioer\u00ea e propriet\u00e1rio do jornal Folha do Vale do Piqueri. A terceira etapa de sua vida foi um grande desafio: deixou uma situa\u00e7\u00e3o consolidada no Paran\u00e1 e foi com a fam\u00edlia para Rond\u00f4nia em 1978, quando a ent\u00e3o Vila de Rond\u00f4nia rec\u00e9m havia se tornado Ji-Paran\u00e1. Alcides foi quem implantou a R\u00e1dio Alvorada de Rond\u00f4nia com os s\u00f3cios Roberto Jot\u00e3o Geraldo e Luiz Bernardi.<\/p>\n<h3>A Vida Continua<\/h3>\n<p>Alcides protagonizou um dos programas de maior audi\u00eancia da \u00e9poca, &#8216;<strong>A Vida Continua<\/strong>&#8216;, que ia ao ar ao meio-dia. Sandro Paio, hoje dono do Jornal Correio Popular, auxiliava o pai na produ\u00e7\u00e3o do Programa. Tamb\u00e9m de Goioer\u00ea, &#8216;seo&#8217; Alcides trouxe para Ji-Paran\u00e1 o radialista Silva J\u00fanior.<\/p>\n<p>Valdemar Camata, que ganhou notoriedade profissional e pol\u00edtica na r\u00e1dio Alvorada, lembra do compadre dele, Alcides, com muito carinho. Ambos t\u00eam dois filhos que se casaram.\u00a0 &#8220;Alcides foi um dos homens mais honestos e generosos que conheci. Um ser humano especial e que fez do radialismo uma porta para os necessitados&#8221;, argumentou Camata.<\/p>\n<p>Quatro anos depois de chegar a Ji-Paran\u00e1, Alcides Paio se torna primeiro Suplente de Senador ao lado do m\u00e9dico Claudionor Roriz o titular da vaga que foi eleito em 1982 junto com Odacir Soares e Galv\u00e3o Modesto &#8211; os tr\u00eas primeiros senadores de Rond\u00f4nia.<\/p>\n<p>Nesse mesmo ano, 1982, elegia-se Roberto Jot\u00e3o Geraldo, s\u00f3cio de Alcides Paio, primeiro prefeito de Ji-Paran\u00e1, tendo Valdemar Camata, tamb\u00e9m da r\u00e1dio Alvorada, o vice-prefeito.<\/p>\n<p>Alcides Paio chegou a assumir como Senador da Rep\u00fablica. Foi na \u00e9poca em que o senador Claudionor Roriz licenciou-e do cargo para se tornar secret\u00e1rio de Sa\u00fade no governo de Jorge Teixeira de Oliveira, o Teixeir\u00e3o,<\/p>\n<p>Alcides Paio sempre foi um pol\u00edtico de Direita, tornou-se um dos maiores colaboradores do amigo\u00a0 Jos\u00e9 de Abreu Banco, que foi prefeito de Ji-Paran\u00e1 tr\u00eas vezes, deputado estadual constituinte, senador e governador de Rond\u00f4nia.<\/p>\n<p>Sempre bem-humorado, Alcides era o que poder\u00edamos dizer, um grande contador de causo, conforme lembrou o amigo dele o empres\u00e1rio Assir Gurgacz, do grupo Eucatur. Atualmente a R\u00e1dio Alvorada de Rond\u00f4nia pertence \u00e0 fam\u00edlia Gurgacz, que se manifestou pelo senador Acir e dona Ana Gurgacz solidadriedade crist\u00e3 quanto \u00e0 morte de Alcides Paio. &#8220;Desde muito jovem, &#8216;seo&#8217; Alcides foi uma boa refer\u00eancia na minha vida, algu\u00e9m do qual Rond\u00f4nia tem muito ao que se orgulhar&#8221;, comentou o senador.<\/p>\n<p>O ex-governador Jos\u00e9 Bianco disse que perde um grande amigo. um fiel companheiro, conselheiro cuja sabedoria esteve sempre \u00e0 disposi\u00e7\u00e3o dos momentos mais importantes na hist\u00f3ria de Ji-Paran\u00e1.\u00a0 &#8216;Que Deus, na sua infinita bondade, receba nosso amigo Alcides&#8221;, comentou Bianco.<\/p>\n<h3>O Dia na Hist\u00f3ria (L\u00facio Albuquerque)<\/h3>\n<p><a href=\"https:\/\/folhaderondonianews.com\/news\/wp-content\/uploads\/2023\/01\/transmissor-radio-alvorada.jpg\"><img decoding=\"async\" class=\"size-medium wp-image-35053 alignleft lazyload\" data-src=\"https:\/\/folhaderondonianews.com\/news\/wp-content\/uploads\/2023\/01\/transmissor-radio-alvorada-300x200.jpg\" alt=\"\" width=\"300\" height=\"200\" data-srcset=\"https:\/\/folhaderondonianews.com\/news\/wp-content\/uploads\/2023\/01\/transmissor-radio-alvorada-300x200.jpg 300w, https:\/\/folhaderondonianews.com\/news\/wp-content\/uploads\/2023\/01\/transmissor-radio-alvorada.jpg 960w\" data-sizes=\"(max-width: 300px) 100vw, 300px\" src=\"data:image\/svg+xml;base64,PHN2ZyB3aWR0aD0iMSIgaGVpZ2h0PSIxIiB4bWxucz0iaHR0cDovL3d3dy53My5vcmcvMjAwMC9zdmciPjwvc3ZnPg==\" style=\"--smush-placeholder-width: 300px; --smush-placeholder-aspect-ratio: 300\/200;\" \/><\/a>1978. Chegam a Ji-Paran\u00e1, os primeiros equipamentos para a implanta\u00e7\u00e3o da R\u00e1dio Alvorada, na carroceria de um caminh\u00e3o, uma viagem que deu muito trabalho desde o interior do Paran\u00e1, porque na \u00e9poca a rodovia BR-364, no trecho em Rond\u00f4nia n\u00e3o era asfaltada, desafiando motoristas e passageiros, no inverno com imensos atoleiros nos quais muitas vezes os ve\u00edculos conseguiam se deslocar 2 a 3 quil\u00f4metros ao dia e, no ver\u00e3o, a poeira forte e os atoleiros de areia (arei\u00f5es, como eram chamados) eram outros problemas, al\u00e9m do que os pontos de apoio no eixo da BR eram muito <strong>O Dia na Hist\u00f3ria.<\/strong><\/p>\n<p>&nbsp;<\/p>\n<p>pequenos. Da esquerda para a direita, o terceiro \u00e9 o jornalista Alcides Paio, primeiro diretor da Alvorada e em seguida, de short branco e m\u00e3os nos quadris o empres\u00e1rio Roberto \u201cJot\u00e3o\u201d Geraldo, que em 1982 seria o primeiro prefeito eleito do munic\u00edpio. (F. acervo Alcides Paio). Esse texto \u00e9 do jornalista L\u00facio Albuquerque que escreve a coluna <strong>O Dia na Hist\u00f3ria<\/strong><\/p>\n","protected":false},"excerpt":{"rendered":"<div class=\"mh-excerpt\"><p>Alcides Paio foi a maior celebridade do radialismo no interior de Rond\u00f4nia no fim da d\u00e9cada de 1970.<\/p>\n<\/div>","protected":false},"author":1,"featured_media":35044,"comment_status":"open","ping_status":"closed","sticky":false,"template":"","format":"standard","meta":{"footnotes":""},"categories":[9],"tags":[5082,94],"class_list":["post-35043","post","type-post","status-publish","format-standard","has-post-thumbnail","hentry","category-politica","tag-alcides-paio","tag-morre"],"_links":{"self":[{"href":"https:\/\/folhaderondonianews.com\/news\/wp-json\/wp\/v2\/posts\/35043","targetHints":{"allow":["GET"]}}],"collection":[{"href":"https:\/\/folhaderondonianews.com\/news\/wp-json\/wp\/v2\/posts"}],"about":[{"href":"https:\/\/folhaderondonianews.com\/news\/wp-json\/wp\/v2\/types\/post"}],"author":[{"embeddable":true,"href":"https:\/\/folhaderondonianews.com\/news\/wp-json\/wp\/v2\/users\/1"}],"replies":[{"embeddable":true,"href":"https:\/\/folhaderondonianews.com\/news\/wp-json\/wp\/v2\/comments?post=35043"}],"version-history":[{"count":0,"href":"https:\/\/folhaderondonianews.com\/news\/wp-json\/wp\/v2\/posts\/35043\/revisions"}],"wp:featuredmedia":[{"embeddable":true,"href":"https:\/\/folhaderondonianews.com\/news\/wp-json\/wp\/v2\/media\/35044"}],"wp:attachment":[{"href":"https:\/\/folhaderondonianews.com\/news\/wp-json\/wp\/v2\/media?parent=35043"}],"wp:term":[{"taxonomy":"category","embeddable":true,"href":"https:\/\/folhaderondonianews.com\/news\/wp-json\/wp\/v2\/categories?post=35043"},{"taxonomy":"post_tag","embeddable":true,"href":"https:\/\/folhaderondonianews.com\/news\/wp-json\/wp\/v2\/tags?post=35043"}],"curies":[{"name":"wp","href":"https:\/\/api.w.org\/{rel}","templated":true}]}}