{"id":35221,"date":"2023-02-16T14:18:22","date_gmt":"2023-02-16T18:18:22","guid":{"rendered":"https:\/\/folhaderondonianews.com\/news\/?p=35221"},"modified":"2023-02-16T14:19:18","modified_gmt":"2023-02-16T18:19:18","slug":"senador-de-rondonia-participa-de-audiencia-na-onu-sobre-agua-para-pessoas-e-o-planeta","status":"publish","type":"post","link":"https:\/\/folhaderondonianews.com\/news\/2023\/02\/16\/senador-de-rondonia-participa-de-audiencia-na-onu-sobre-agua-para-pessoas-e-o-planeta\/","title":{"rendered":"Senador de Rond\u00f4nia participa de audi\u00eancia na ONU sobre \u00c1gua para pessoas e o planeta"},"content":{"rendered":"<h3>&#8220;Para o senador Samuel Ara\u00fajo \u00e9 de suma import\u00e2ncia discutir alternativas para uma gest\u00e3o sustent\u00e1vel da \u00e1gua e saneamento b\u00e1sico para todos&#8221;.<\/h3>\n<p>O senador Samuel Ara\u00fajo (PSD-RO), participou da Audi\u00eancia Parlamentar Anual da Uni\u00e3o Interparlamentar das Na\u00e7\u00f5es Unidas, realizada nos dias 13 e 14 de fevereiro, em Nova York, para discutir o tema \u201c\u00c1gua para as pessoas e para o planeta: Pare o desperd\u00edcio, mude o jogo, invista no futuro\u201d. O evento contou com a presen\u00e7a do Sr. Csaba K\u00f6r\u00f6si, presidente da 77\u00aa sess\u00e3o da Assembleia Geral\u00a0 da ONU.<\/p>\n<p>A delega\u00e7\u00e3o brasileira foi composta por parlamentares e representantes de Estados, como os senadores S\u00e9rgio Petec\u00e3o e Wilder Moraes, os deputados \u00c1tila Lins e Claudio Cajado, e a vice-prefeita de Rio Branco Marfisa Galv\u00e3o, todos do estado do Acre.<\/p>\n<p>Segundo o senador, Dr. Samuel Ara\u00fajo, integrante da delega\u00e7\u00e3o brasileira, \u00e9 de suma import\u00e2ncia discutir alternativas para uma gest\u00e3o sustent\u00e1vel da \u00e1gua e saneamento b\u00e1sico para todos. \u201cEsse \u00e9 um assunto que precisa ser discutido com seriedade. O Estado de Rond\u00f4nia possui um dos piores \u00edndices do pa\u00eds quando o assunto \u00e9 \u00e1gua e esgoto tratado, essenciais para o desenvolvimento humano e tamb\u00e9m para a atividade econ\u00f4mica\u201d, salientou.<\/p>\n<p>Ainda segundo o senador, a troca de experi\u00eancias com outros pa\u00edses \u00e9 crucial para aprender e tamb\u00e9m encontrar alternativas que visem a explora\u00e7\u00e3o, mas, tamb\u00e9m, a preserva\u00e7\u00e3o ambiental, sobretudo em estados da Regi\u00e3o Amaz\u00f4nica.<\/p>\n","protected":false},"excerpt":{"rendered":"<div class=\"mh-excerpt\"><p>&#8220;Para o senador Samuel Ara\u00fajo \u00e9 de suma import\u00e2ncia discutir alternativas para uma gest\u00e3o sustent\u00e1vel da \u00e1gua e saneamento b\u00e1sico para todos&#8221;.<\/p>\n<\/div>","protected":false},"author":1,"featured_media":35222,"comment_status":"open","ping_status":"closed","sticky":false,"template":"","format":"standard","meta":{"footnotes":""},"categories":[9],"tags":[3693,4083,7492,7491],"class_list":["post-35221","post","type-post","status-publish","format-standard","has-post-thumbnail","hentry","category-politica","tag-agua","tag-onu","tag-planeta","tag-samuel"],"_links":{"self":[{"href":"https:\/\/folhaderondonianews.com\/news\/wp-json\/wp\/v2\/posts\/35221","targetHints":{"allow":["GET"]}}],"collection":[{"href":"https:\/\/folhaderondonianews.com\/news\/wp-json\/wp\/v2\/posts"}],"about":[{"href":"https:\/\/folhaderondonianews.com\/news\/wp-json\/wp\/v2\/types\/post"}],"author":[{"embeddable":true,"href":"https:\/\/folhaderondonianews.com\/news\/wp-json\/wp\/v2\/users\/1"}],"replies":[{"embeddable":true,"href":"https:\/\/folhaderondonianews.com\/news\/wp-json\/wp\/v2\/comments?post=35221"}],"version-history":[{"count":0,"href":"https:\/\/folhaderondonianews.com\/news\/wp-json\/wp\/v2\/posts\/35221\/revisions"}],"wp:featuredmedia":[{"embeddable":true,"href":"https:\/\/folhaderondonianews.com\/news\/wp-json\/wp\/v2\/media\/35222"}],"wp:attachment":[{"href":"https:\/\/folhaderondonianews.com\/news\/wp-json\/wp\/v2\/media?parent=35221"}],"wp:term":[{"taxonomy":"category","embeddable":true,"href":"https:\/\/folhaderondonianews.com\/news\/wp-json\/wp\/v2\/categories?post=35221"},{"taxonomy":"post_tag","embeddable":true,"href":"https:\/\/folhaderondonianews.com\/news\/wp-json\/wp\/v2\/tags?post=35221"}],"curies":[{"name":"wp","href":"https:\/\/api.w.org\/{rel}","templated":true}]}}