{"id":35458,"date":"2023-04-19T19:39:50","date_gmt":"2023-04-19T23:39:50","guid":{"rendered":"https:\/\/folhaderondonianews.com\/news\/?p=35458"},"modified":"2023-04-19T19:39:50","modified_gmt":"2023-04-19T23:39:50","slug":"samuel-araujo-defende-instalacao-de-cpmi-para-investigar-os-atos-de-8-de-janeiro","status":"publish","type":"post","link":"https:\/\/folhaderondonianews.com\/news\/2023\/04\/19\/samuel-araujo-defende-instalacao-de-cpmi-para-investigar-os-atos-de-8-de-janeiro\/","title":{"rendered":"Samuel Ara\u00fajo defende instala\u00e7\u00e3o de CPMI para investigar os atos de 8 de janeiro"},"content":{"rendered":"<h3>Senador por Rond\u00f4nia, dr Samuel Ara\u00fajo voltou a defender a instala\u00e7\u00e3o de uma CPMI para investigar os atos do dia 8 de janeiro e a poss\u00edvel omiss\u00e3o de agentes p\u00fablicos.<\/h3>\n<p>Nessa quarta-feira (12\/04), veio a p\u00fablico a conduta do general Gon\u00e7alves Dias, ministro-chefe do GSI, durante a invas\u00e3o ao Pal\u00e1cio do Planalto no dia 8 de janeiro. Em imagens divulgadas pela imprensa \u00e9 poss\u00edvel ver a presen\u00e7a do ministro, juntamente com outros funcion\u00e1rios, circulando entre os manifestantes. Um dos servidores \u00e9 visto conversando e oferecendo \u00e1gua a alguns dos invasores.<\/p>\n<p>Na avalia\u00e7\u00e3o do senador Samuel Ara\u00fajo, \u00e9 necess\u00e1rio que o Parlamento cumpra o seu papel e instale a Comiss\u00e3o Parlamentar Mista de Inqu\u00e9rito (CPMI) para investigar a conduta do ministro, e a poss\u00edvel omiss\u00e3o dos agentes. \u201cO Congresso n\u00e3o pode se omitir diante do que vimos hoje. \u00c9 preciso apurar os fatos e investigar se houve algum tipo de omiss\u00e3o\u201d, destacou.<\/p>\n<p>A CPMI j\u00e1 possui o n\u00famero m\u00ednimo de assinaturas. A previs\u00e3o \u00e9 de que uma nova reuni\u00e3o ocorra na pr\u00f3xima ter\u00e7a-feira (25\/04). At\u00e9 l\u00e1, integrantes da base aliada do governo Lula trabalham para a retirada de assinaturas.<\/p>\n<p>\u201cEu n\u00e3o sou movido a press\u00e3o. Assinei o requerimento para a instala\u00e7\u00e3o da CPMI no dia 02 de mar\u00e7o e mantenho o meu posicionamento a favor da comiss\u00e3o. Quero que a verdade seja restabelecida\u201d, afirmou Samuel Ara\u00fajo.<\/p>\n","protected":false},"excerpt":{"rendered":"<div class=\"mh-excerpt\"><p>Senador por Rond\u00f4nia, dr Samuel Ara\u00fajo voltou a defender a instala\u00e7\u00e3o de uma CPMI para investigar os atos do dia 8 de janeiro e a poss\u00edvel omiss\u00e3o de agentes p\u00fablicos.<\/p>\n<\/div>","protected":false},"author":1,"featured_media":35459,"comment_status":"open","ping_status":"closed","sticky":false,"template":"","format":"standard","meta":{"footnotes":""},"categories":[9],"tags":[7537,448,7440],"class_list":["post-35458","post","type-post","status-publish","format-standard","has-post-thumbnail","hentry","category-politica","tag-8-de-janeiro","tag-cpi","tag-samuel-araujo"],"_links":{"self":[{"href":"https:\/\/folhaderondonianews.com\/news\/wp-json\/wp\/v2\/posts\/35458","targetHints":{"allow":["GET"]}}],"collection":[{"href":"https:\/\/folhaderondonianews.com\/news\/wp-json\/wp\/v2\/posts"}],"about":[{"href":"https:\/\/folhaderondonianews.com\/news\/wp-json\/wp\/v2\/types\/post"}],"author":[{"embeddable":true,"href":"https:\/\/folhaderondonianews.com\/news\/wp-json\/wp\/v2\/users\/1"}],"replies":[{"embeddable":true,"href":"https:\/\/folhaderondonianews.com\/news\/wp-json\/wp\/v2\/comments?post=35458"}],"version-history":[{"count":0,"href":"https:\/\/folhaderondonianews.com\/news\/wp-json\/wp\/v2\/posts\/35458\/revisions"}],"wp:featuredmedia":[{"embeddable":true,"href":"https:\/\/folhaderondonianews.com\/news\/wp-json\/wp\/v2\/media\/35459"}],"wp:attachment":[{"href":"https:\/\/folhaderondonianews.com\/news\/wp-json\/wp\/v2\/media?parent=35458"}],"wp:term":[{"taxonomy":"category","embeddable":true,"href":"https:\/\/folhaderondonianews.com\/news\/wp-json\/wp\/v2\/categories?post=35458"},{"taxonomy":"post_tag","embeddable":true,"href":"https:\/\/folhaderondonianews.com\/news\/wp-json\/wp\/v2\/tags?post=35458"}],"curies":[{"name":"wp","href":"https:\/\/api.w.org\/{rel}","templated":true}]}}