{"id":36143,"date":"2023-09-13T13:26:30","date_gmt":"2023-09-13T17:26:30","guid":{"rendered":"https:\/\/folhaderondonianews.com\/news\/?p=36143"},"modified":"2023-09-13T13:26:30","modified_gmt":"2023-09-13T17:26:30","slug":"confucio-afirma-que-aprovacao-da-pec-da-transposicao-e-resgate-de-direitos-dos-trabalhadores-que-colonizaram-rondonia","status":"publish","type":"post","link":"https:\/\/folhaderondonianews.com\/news\/2023\/09\/13\/confucio-afirma-que-aprovacao-da-pec-da-transposicao-e-resgate-de-direitos-dos-trabalhadores-que-colonizaram-rondonia\/","title":{"rendered":"Conf\u00facio afirma que aprova\u00e7\u00e3o da PEC da Transposi\u00e7\u00e3o \u00e9 resgate de direitos dos trabalhadores que colonizaram Rond\u00f4nia"},"content":{"rendered":"<h3 class=\"x_MsoNormal\" style=\"text-align: left;\" align=\"center\">Para o senador, com a medida, se p\u00f5e fim no sofrimento daqueles que conviveram com as doen\u00e7as tropicais existentes em regi\u00f5es in\u00f3spitas do norte do Brasil profundo<i><\/i><\/h3>\n<p class=\"x_MsoNormal\" style=\"text-align: left;\" align=\"center\"><b>\u00a0<\/b>Durante a aprova\u00e7\u00e3o\u00a0a\u00a0Proposta de Emenda \u00e0 Constitui\u00e7\u00e3o (PEC)\u00a0<a href=\"https:\/\/www25.senado.leg.br\/web\/atividade\/materias\/-\/materia\/133303\" target=\"_blank\" rel=\"noopener noreferrer\" data-auth=\"NotApplicable\" data-linkindex=\"0\">7\/2018<\/a>,\u00a0 no Senado Federal, que iguala as condi\u00e7\u00f5es para a integra\u00e7\u00e3o dos servidores dos antigos territ\u00f3rios de Rond\u00f4nia, Amap\u00e1 e Roraima ao quadro da administra\u00e7\u00e3o p\u00fablica federal, o senador Conf\u00facio Moura (MDB-RO), afirmou\u00a0que a mat\u00e9ria \u00e9 um resgate hist\u00f3rico de direitos, dos trabalhadores e trabalhadoras que chegaram e colonizaram o Estado de Rond\u00f4nia e nos estados do Norte, os \u00faltimos a serem criados pela Federa\u00e7\u00e3o.<\/p>\n<p class=\"x_MsoNormal\">Para o senador rondoniense, a d\u00edvida hist\u00f3rica da Uni\u00e3o em rela\u00e7\u00e3o aos ex-territ\u00f3rios est\u00e1 sendo reparada com a PEC 7\/2018, de autoria do senador Randolfe Rodrigues (Rede\/AP).\u00a0O projeto tamb\u00e9m amplia a possibilidade de equipara\u00e7\u00e3o para mais categorias, inclusive pessoas que trabalhavam sem v\u00ednculo efetivo para a administra\u00e7\u00e3o. O texto foi aprovado, por unanimidade, no Plen\u00e1rio do Senado em dois turnos de vota\u00e7\u00e3o e segue para a C\u00e2mara dos Deputados.<\/p>\n<p class=\"x_MsoNormal\">Conf\u00facio Moura lembrou do per\u00edodo que foi governador do Estado de Rond\u00f4nia, quando se iniciou o processo de transposi\u00e7\u00e3o. \u201c<i>O que eu mais fiz foi viajar a Bras\u00edlia incessantemente, trazendo processos e fazendo todos os esfor\u00e7os para incluir a esmagadora maioria dos servidores antigos do ex-territ\u00f3rio. A coisa vem andando, e muitas conquistas j\u00e1 aconteceram, mas temos ainda d\u00edvidas a resgatar<\/i>\u201d, ressaltou.<\/p>\n<p class=\"x_MsoNormal\">De acordo com o parlamentar, o relator da mat\u00e9ria, senador Marcos Rog\u00e9rio (PL-RO) foi brilhante na elabora\u00e7\u00e3o do texto.<\/p>\n<p class=\"x_MsoNormal\">\u201c<i>O nosso trabalho aqui hoje \u00e9 de resgatar, se n\u00e3o a totalidade, mas em boa parte, os direitos adquiridos. Eu fico muito satisfeito com o andamento, pelo sentimento de justi\u00e7a, porque eu percorri as fileiras aqui dos assentos do Senado, conversando com v\u00e1rios senadores de outros estados, e h\u00e1 um consenso formado, de que devemos resgatar os direitos de quem os t\u00eam, com a aprova\u00e7\u00e3o dessa proposta hoje<\/i>\u201d, comemorou.<\/p>\n<p class=\"x_MsoNormal\">Conf\u00facio Moura se dirigiu \u00e0 galeria do Senado repleta de servidores que aguardavam a aprova\u00e7\u00e3o da mat\u00e9ria. \u201c<i>A viagem de todos aqui, como representantes de in\u00fameros outros servidores que ficaram em casa e que est\u00e3o de l\u00e1 olhando o movimento aqui do Senado, n\u00e3o foi em v\u00e3o. Uma viagem longa, cansativa, mas que mostra aqui a presen\u00e7a importante dos servidores<\/i>\u201d, disse.<\/p>\n<p class=\"x_MsoNormal\">O senador disse que em 1976, ao chegar a Rond\u00f4nia tamb\u00e9m foi m\u00e9dico contratado sem concurso. Segundo ele, naquele tempo, n\u00e3o se falava em concurso. \u201c<i>Muita gente entrou em fun\u00e7\u00f5es, por exemplo, de professor, porque n\u00f3s n\u00e3o t\u00ednhamos professores graduados, licenciados para dar aulas nas cidades e nos distritos. Ent\u00e3o foram pegas pessoas devotadas que improvisaram e aprenderam. Mais tarde se graduaram. E, a essas mesmas pessoas, por falta de entendimento, foi negado\u00a0 esse direito, por falta de comprova\u00e7\u00e3o de escolaridade daquele momento. A PEC aprovada aqui \u00e9 uma repara\u00e7\u00e3o<\/i>\u201d, pontuou.<\/p>\n","protected":false},"excerpt":{"rendered":"<div class=\"mh-excerpt\"><p>Para o senador, com a medida, se p\u00f5e fim no sofrimento daqueles que conviveram com as doen\u00e7as tropicais existentes em regi\u00f5es in\u00f3spitas do norte do <a class=\"mh-excerpt-more\" href=\"https:\/\/folhaderondonianews.com\/news\/2023\/09\/13\/confucio-afirma-que-aprovacao-da-pec-da-transposicao-e-resgate-de-direitos-dos-trabalhadores-que-colonizaram-rondonia\/\" title=\"Conf\u00facio afirma que aprova\u00e7\u00e3o da PEC da Transposi\u00e7\u00e3o \u00e9 resgate de direitos dos trabalhadores que colonizaram Rond\u00f4nia\">[&#8230;]<\/a><\/p>\n<\/div>","protected":false},"author":1,"featured_media":36144,"comment_status":"open","ping_status":"closed","sticky":false,"template":"","format":"standard","meta":{"footnotes":""},"categories":[9],"tags":[],"class_list":["post-36143","post","type-post","status-publish","format-standard","has-post-thumbnail","hentry","category-politica"],"_links":{"self":[{"href":"https:\/\/folhaderondonianews.com\/news\/wp-json\/wp\/v2\/posts\/36143","targetHints":{"allow":["GET"]}}],"collection":[{"href":"https:\/\/folhaderondonianews.com\/news\/wp-json\/wp\/v2\/posts"}],"about":[{"href":"https:\/\/folhaderondonianews.com\/news\/wp-json\/wp\/v2\/types\/post"}],"author":[{"embeddable":true,"href":"https:\/\/folhaderondonianews.com\/news\/wp-json\/wp\/v2\/users\/1"}],"replies":[{"embeddable":true,"href":"https:\/\/folhaderondonianews.com\/news\/wp-json\/wp\/v2\/comments?post=36143"}],"version-history":[{"count":0,"href":"https:\/\/folhaderondonianews.com\/news\/wp-json\/wp\/v2\/posts\/36143\/revisions"}],"wp:featuredmedia":[{"embeddable":true,"href":"https:\/\/folhaderondonianews.com\/news\/wp-json\/wp\/v2\/media\/36144"}],"wp:attachment":[{"href":"https:\/\/folhaderondonianews.com\/news\/wp-json\/wp\/v2\/media?parent=36143"}],"wp:term":[{"taxonomy":"category","embeddable":true,"href":"https:\/\/folhaderondonianews.com\/news\/wp-json\/wp\/v2\/categories?post=36143"},{"taxonomy":"post_tag","embeddable":true,"href":"https:\/\/folhaderondonianews.com\/news\/wp-json\/wp\/v2\/tags?post=36143"}],"curies":[{"name":"wp","href":"https:\/\/api.w.org\/{rel}","templated":true}]}}