{"id":36146,"date":"2023-09-13T16:01:57","date_gmt":"2023-09-13T20:01:57","guid":{"rendered":"https:\/\/folhaderondonianews.com\/news\/?p=36146"},"modified":"2023-09-13T16:01:57","modified_gmt":"2023-09-13T20:01:57","slug":"trotes-violentos-dentro-e-fora-da-unir-alerta-ministerio-publico-federal-em-rondonia","status":"publish","type":"post","link":"https:\/\/folhaderondonianews.com\/news\/2023\/09\/13\/trotes-violentos-dentro-e-fora-da-unir-alerta-ministerio-publico-federal-em-rondonia\/","title":{"rendered":"Trotes violentos dentro e fora da Unir alerta  Minist\u00e9rio P\u00fablico Federal em Rond\u00f4nia"},"content":{"rendered":"<h3>MPF ficou sabendo que a Unir vem admitindo, sob forma de tradi\u00e7\u00e3o, a aplica\u00e7\u00e3o de trotes estudantis mediante viol\u00eancia emocional e verbal contra alunos calouros de medicina,<\/h3>\n<p>O Minist\u00e9rio P\u00fablico Federal (MPF) expediu recomenda\u00e7\u00e3o, em 8 de setembro, para que a Universidade Federal de Rond\u00f4nia (Unir) promova medidas de seguran\u00e7a necess\u00e1rias para coibir a pr\u00e1tica de trote estudantil com car\u00e1ter violento, humilhante, vexat\u00f3rio ou constrangedor aos alunos, dentro e fora das depend\u00eancias da institui\u00e7\u00e3o.<\/p>\n<p>De acordo com o procurador regional dos Direitos do Cidad\u00e3o substituto, Leonardo Trevizani Caberlon, que assina a recomenda\u00e7\u00e3o, as medidas devem constar em regulamenta\u00e7\u00e3o normativa pr\u00f3pria da universidade e incluir os campi de Porto Velho, Ariquemes, Cacoal, Guajar\u00e1-Mirim, Ji-Paran\u00e1, Presidente M\u00e9dici, Rolim de Moura e Vilhena.<\/p>\n<p>No documento, o procurador destaca que o \u00f3rg\u00e3o recebeu den\u00fancia de que a Unir vem admitindo, sob forma de tradi\u00e7\u00e3o, a aplica\u00e7\u00e3o de trotes estudantis mediante viol\u00eancia emocional e verbal contra alunos calouros, que incluem jatos de \u00e1gua no rosto, gritos por parte dos veteranos, al\u00e9m de atos de amea\u00e7as, submiss\u00e3o e desrespeito. Os trotes s\u00e3o realizados por 30 dias progressivos, dos quais os alunos do curso de Medicina n\u00e3o s\u00e3o obrigados a participar, por\u00e9m, os que n\u00e3o participam s\u00e3o exclu\u00eddos de atividades curriculares da universidade, como projeto de extens\u00e3o e celebra\u00e7\u00e3o da cerim\u00f4nia do jaleco.<\/p>\n<p>Foi relatado ao MPF, ainda, que, no per\u00edodo de matr\u00edcula, os calouros tiveram que enviar v\u00eddeos respondendo a perguntas \u00edntimas, que depois foram publicados em perfil no Instagram, onde tamb\u00e9m foram expostos v\u00e1rios coment\u00e1rios ofensivos de veteranos. \u201cO ambiente universit\u00e1rio se tornou um local de extrema press\u00e3o psicol\u00f3gica, intimida\u00e7\u00e3o e humilha\u00e7\u00e3o, n\u00e3o cabendo qualquer questionamento por parte dos novos discentes\u201d, concluiu o procurador.<\/p>\n<p>\u201cO fato de os estudantes \u2018calouros\u2019 aceitarem a participa\u00e7\u00e3o no trote n\u00e3o retira-lhe o car\u00e1ter violento e vexat\u00f3rio, bem como a responsabilidade da institui\u00e7\u00e3o e dos que organizam e promovem esses atos, visto que, em geral, o estudante \u2018calouro\u2019 se sente coagido a participar, seja por medo de poss\u00edveis retalia\u00e7\u00f5es, seja com a inten\u00e7\u00e3o de ser aceito nesse novo grupo\u201d, explica Leonardo Trevizani.<\/p>\n<p>Segundo o procurador, as condutas dos agressores podem ser, inclusive, enquadradas como infra\u00e7\u00f5es penais, dentre os quais os crimes de les\u00f5es corporais, inj\u00faria, constrangimento ilegal; al\u00e9m de contraven\u00e7\u00f5es penais de vias de fato e de perturba\u00e7\u00e3o de sossego e ou de tranquilidade.<\/p>\n<p><b>Provid\u00eancias a serem adotadas<\/b>\u00a0\u2013 Como medidas preventivas, o MPF recomenda, ainda, que a universidade:<\/p>\n<ul>\n<li>desenvolva campanhas permanentes de orienta\u00e7\u00e3o aos alunos veteranos e calouros sobre as consequ\u00eancias do trote estudantil, com destaque para os aspectos de responsabiliza\u00e7\u00e3o civil e criminal;<\/li>\n<li>promova a cria\u00e7\u00e3o de servi\u00e7o ou setor espec\u00edfico para o recebimento de den\u00fancias alusivas a trotes e atendimento \u00e0s v\u00edtimas;<\/li>\n<li>oriente todos os estudantes ingressantes que se sentirem v\u00edtimas de trote violento que procedam aos devidos registros de ocorr\u00eancia policial junto ao \u00f3rg\u00e3o competente, para as devidas provid\u00eancias;<\/li>\n<li>promova semestralmente a elabora\u00e7\u00e3o de planos que contemplem a\u00e7\u00f5es com vistas ao direito ao bem-estar do ingressante, seu acolhimento e conscientiza\u00e7\u00e3o dos alunos veteranos;<\/li>\n<li>institua o \u201cTrote Solid\u00e1rio\u201d, j\u00e1 adotado em outras universidades brasileiras, que pode incluir a\u00e7\u00f5es como: doa\u00e7\u00e3o de sangue, gincanas solid\u00e1rias, solidariedade por compet\u00eancia, conta\u00e7\u00e3o de hist\u00f3rias para crian\u00e7as em hospitais, ONG\u2019s e orfanatos, doa\u00e7\u00e3o de brinquedos e alimentos etc;<\/li>\n<li>proceda \u00e0 edi\u00e7\u00e3o de regramentos normativos pr\u00f3prios (resolu\u00e7\u00e3o, portaria etc) sobre as tem\u00e1ticas inseridas nos itens anteriores e, principalmente, sobre o procedimento a ser adotado em caso de den\u00fancias que envolvam o cometimento de infra\u00e7\u00f5es penais.<br aria-hidden=\"true\" \/><br aria-hidden=\"true\" \/><\/li>\n<\/ul>\n<p>Segundo o documento, a Unir deve promover a puni\u00e7\u00e3o disciplinar das pessoas envolvidas com as pr\u00e1ticas violentas, agressivas, vexat\u00f3rias e constrangedoras ocorridas nos trotes, dentro e fora das depend\u00eancias da institui\u00e7\u00e3o de ensino, e inclusive por meio de redes sociais.<\/p>\n<p>O reitor da universidade tem o prazo de 20 dias, a contar do recebimento da recomenda\u00e7\u00e3o, para se manifestar sobre as medidas recomendadas.<\/p>\n<p><b><a class=\"x_gmail-internal-link\" title=\"\" href=\"https:\/\/www.mpf.mp.br\/ro\/sala-de-imprensa\/docs\/2023\/recomendacao-unir-trote-estudantil\" target=\"_blank\" rel=\"noopener noreferrer\" data-auth=\"NotApplicable\" data-linkindex=\"2\">Recomenda\u00e7\u00e3o n\u00ba 14\/2023<\/a><\/b><\/p>\n","protected":false},"excerpt":{"rendered":"<div class=\"mh-excerpt\"><p>MPF ficou sabendo que a Unir vem admitindo, sob forma de tradi\u00e7\u00e3o, a aplica\u00e7\u00e3o de trotes estudantis mediante viol\u00eancia emocional e verbal contra alunos calouros de medicina,<\/p>\n<\/div>","protected":false},"author":1,"featured_media":36147,"comment_status":"open","ping_status":"closed","sticky":false,"template":"","format":"standard","meta":{"footnotes":""},"categories":[9],"tags":[3055,7632,3927],"class_list":["post-36146","post","type-post","status-publish","format-standard","has-post-thumbnail","hentry","category-politica","tag-mpf","tag-trote","tag-unir"],"_links":{"self":[{"href":"https:\/\/folhaderondonianews.com\/news\/wp-json\/wp\/v2\/posts\/36146","targetHints":{"allow":["GET"]}}],"collection":[{"href":"https:\/\/folhaderondonianews.com\/news\/wp-json\/wp\/v2\/posts"}],"about":[{"href":"https:\/\/folhaderondonianews.com\/news\/wp-json\/wp\/v2\/types\/post"}],"author":[{"embeddable":true,"href":"https:\/\/folhaderondonianews.com\/news\/wp-json\/wp\/v2\/users\/1"}],"replies":[{"embeddable":true,"href":"https:\/\/folhaderondonianews.com\/news\/wp-json\/wp\/v2\/comments?post=36146"}],"version-history":[{"count":0,"href":"https:\/\/folhaderondonianews.com\/news\/wp-json\/wp\/v2\/posts\/36146\/revisions"}],"wp:featuredmedia":[{"embeddable":true,"href":"https:\/\/folhaderondonianews.com\/news\/wp-json\/wp\/v2\/media\/36147"}],"wp:attachment":[{"href":"https:\/\/folhaderondonianews.com\/news\/wp-json\/wp\/v2\/media?parent=36146"}],"wp:term":[{"taxonomy":"category","embeddable":true,"href":"https:\/\/folhaderondonianews.com\/news\/wp-json\/wp\/v2\/categories?post=36146"},{"taxonomy":"post_tag","embeddable":true,"href":"https:\/\/folhaderondonianews.com\/news\/wp-json\/wp\/v2\/tags?post=36146"}],"curies":[{"name":"wp","href":"https:\/\/api.w.org\/{rel}","templated":true}]}}