{"id":36514,"date":"2023-11-28T19:27:35","date_gmt":"2023-11-28T23:27:35","guid":{"rendered":"https:\/\/folhaderondonianews.com\/news\/?p=36514"},"modified":"2023-11-28T19:32:41","modified_gmt":"2023-11-28T23:32:41","slug":"arom-consegue-vitoria-juridica-aos-municipios-na-recuperacao-de-creditos-do-irrf","status":"publish","type":"post","link":"https:\/\/folhaderondonianews.com\/news\/2023\/11\/28\/arom-consegue-vitoria-juridica-aos-municipios-na-recuperacao-de-creditos-do-irrf\/","title":{"rendered":"AROM consegue vit\u00f3ria jur\u00eddica aos munic\u00edpios na recupera\u00e7\u00e3o de Cr\u00e9ditos do IRRF"},"content":{"rendered":"<h4>As receitas arrecadadas nos \u00faltimos cinco anos a t\u00edtulo de imposto de renda retido na fonte de prestadores de servi\u00e7o, pagos por munic\u00edpios, v\u00e3o retornar aos cofres das prefeituras integralmente.<\/h4>\n<p class=\"iw\">Os munic\u00edpios de Rond\u00f4nia, representados pela <strong>Jus Consultare<\/strong>, sob a lideran\u00e7a dos advogados Amadeu Guilherme Matzenbacher Machado e Breno de Paula, celebram uma significativa vit\u00f3ria judicial. Contratados pela Associa\u00e7\u00e3o Rondoniense de Munic\u00edpios (AROM), os advogados obtiveram decis\u00e3o favor\u00e1vel no Mandado de Seguran\u00e7a n\u00ba MS 1001462-23.2023.4.01.4100, que possibilita a recupera\u00e7\u00e3o de cr\u00e9ditos retidos nos \u00faltimos cinco anos referentes ao Imposto de Renda Retido na Fonte (IRRF).<\/p>\n<p>As receitas arrecadadas a t\u00edtulo de IRRF, incidente sobre valores pagos por munic\u00edpios, estados e o Distrito Federal para a presta\u00e7\u00e3o de bens ou servi\u00e7os pertencem integralmente aos entes de origem. A destina\u00e7\u00e3o dos recursos j\u00e1 havia pacificada pelo Supremo Tribunal Federal (STF) em 2021, com decis\u00e3o em favor dos munic\u00edpios para a reten\u00e7\u00e3o integral do IRRF pago.<\/p>\n<p>O juiz federal Hiram Arm\u00eanio Xavier Pereira, da 2\u00aa Vara Federal C\u00edvel de Rond\u00f4nia, concedeu a seguran\u00e7a para suspender a exigibilidade do IRRF que seria devido \u00e0 Uni\u00e3o pelos munic\u00edpios do estado, por exig\u00eancia da Fazenda Nacional. A a\u00e7\u00e3o foi ajuizada pela AROM e representada pelos advogados Breno Dias de Paula e Amadeu Guilherme Matzenbacher Machado.<\/p>\n<p>O caso envolve a aplica\u00e7\u00e3o da Solu\u00e7\u00e3o de Consulta Cosit 166\/2015, definida pela administra\u00e7\u00e3o tribut\u00e1ria, que foi afastada pelo STF em 2021. O magistrado concluiu que &#8220;n\u00e3o h\u00e1 fundamento jur\u00eddico que legitime a previs\u00e3o constante da Instru\u00e7\u00e3o Normativa 1.599\/2015, restringindo tal titularidade aos valores relativos ao IRRF incidentes apenas sobre rendimentos pagos a servidores e empregados&#8221;.<\/p>\n<p>Com a concess\u00e3o da seguran\u00e7a, foi declarada a inexist\u00eancia de rela\u00e7\u00e3o jur\u00eddico-tribut\u00e1ria entre os munic\u00edpios associados e a Uni\u00e3o em rela\u00e7\u00e3o \u00e0 obriga\u00e7\u00e3o de recolhimento do imposto de renda retido na fonte incidente sobre valores pagos para a presta\u00e7\u00e3o de bens ou servi\u00e7os. Esta vit\u00f3ria \u00e9 um marco para a autonomia municipal e para a justi\u00e7a fiscal, refletindo o trabalho conjunto da AROM, Jus Consultare, e os advogados Amadeu Guilherme Matzenbacher Machado e Breno de Paula em prol dos munic\u00edpios de Rond\u00f4nia.<\/p>\n<h3><strong>Condu\u00e7\u00e3o do Processo:<\/strong><\/h3>\n<p>\u00c9 crucial destacar que a condu\u00e7\u00e3o desse processo de reten\u00e7\u00e3o e recupera\u00e7\u00e3o de cr\u00e9ditos, que representa um marco significativo para a autonomia financeira dos munic\u00edpios de Rond\u00f4nia, s\u00f3 poder\u00e1 ocorrer pelos advogados Amadeu Guilherme Matzenbacher Machado e Breno de Paula.<\/p>\n<p>Procedimentos Legais: Para assegurar a correta aplica\u00e7\u00e3o da decis\u00e3o e a efetiva recupera\u00e7\u00e3o dos cr\u00e9ditos, \u00e9 preciso que os munic\u00edpios sigam rigorosamente as instru\u00e7\u00f5es legais e administrativas indicadas pelos advogados da causa.<\/p>\n<p>A documenta\u00e7\u00e3o necess\u00e1ria para iniciar a implementa\u00e7\u00e3o dessas reten\u00e7\u00f5es ser\u00e1 repassada para todos os munic\u00edpios. Mais informa\u00e7\u00f5es: Carlos Machado &#8211; (69) 99364-1414.<\/p>\n","protected":false},"excerpt":{"rendered":"<div class=\"mh-excerpt\"><p>As receitas arrecadadas nos \u00faltimos cinco anos a t\u00edtulo de imposto de renda retido na fonte de prestadores de servi\u00e7o, pagos por munic\u00edpios, v\u00e3o retornar aos cofres das prefeituras integralmente.<\/p>\n<\/div>","protected":false},"author":1,"featured_media":36515,"comment_status":"open","ping_status":"closed","sticky":false,"template":"","format":"standard","meta":{"footnotes":""},"categories":[9],"tags":[7698,4027,7699],"class_list":["post-36514","post","type-post","status-publish","format-standard","has-post-thumbnail","hentry","category-politica","tag-amadeu-guilherme-matzenbacher-machado","tag-arom","tag-breno-de-paula"],"_links":{"self":[{"href":"https:\/\/folhaderondonianews.com\/news\/wp-json\/wp\/v2\/posts\/36514","targetHints":{"allow":["GET"]}}],"collection":[{"href":"https:\/\/folhaderondonianews.com\/news\/wp-json\/wp\/v2\/posts"}],"about":[{"href":"https:\/\/folhaderondonianews.com\/news\/wp-json\/wp\/v2\/types\/post"}],"author":[{"embeddable":true,"href":"https:\/\/folhaderondonianews.com\/news\/wp-json\/wp\/v2\/users\/1"}],"replies":[{"embeddable":true,"href":"https:\/\/folhaderondonianews.com\/news\/wp-json\/wp\/v2\/comments?post=36514"}],"version-history":[{"count":0,"href":"https:\/\/folhaderondonianews.com\/news\/wp-json\/wp\/v2\/posts\/36514\/revisions"}],"wp:featuredmedia":[{"embeddable":true,"href":"https:\/\/folhaderondonianews.com\/news\/wp-json\/wp\/v2\/media\/36515"}],"wp:attachment":[{"href":"https:\/\/folhaderondonianews.com\/news\/wp-json\/wp\/v2\/media?parent=36514"}],"wp:term":[{"taxonomy":"category","embeddable":true,"href":"https:\/\/folhaderondonianews.com\/news\/wp-json\/wp\/v2\/categories?post=36514"},{"taxonomy":"post_tag","embeddable":true,"href":"https:\/\/folhaderondonianews.com\/news\/wp-json\/wp\/v2\/tags?post=36514"}],"curies":[{"name":"wp","href":"https:\/\/api.w.org\/{rel}","templated":true}]}}