{"id":36531,"date":"2023-11-29T10:19:26","date_gmt":"2023-11-29T14:19:26","guid":{"rendered":"https:\/\/folhaderondonianews.com\/news\/?p=36531"},"modified":"2023-11-29T10:25:02","modified_gmt":"2023-11-29T14:25:02","slug":"jovens-formados-pela-energisa-rondonia-prontos-para-o-mercado-profissional","status":"publish","type":"post","link":"https:\/\/folhaderondonianews.com\/news\/2023\/11\/29\/jovens-formados-pela-energisa-rondonia-prontos-para-o-mercado-profissional\/","title":{"rendered":"Jovens formados pela Energisa Rond\u00f4nia prontos para o mercado profissional"},"content":{"rendered":"<h4>Nesta etapa s\u00e3o 24 jovens aprendizes que agora est\u00e3o formados nos cursos ministrados pela Energisa de Rond\u00f4nia, o que marca o in\u00edcio de novas trajet\u00f3rias profissionais.<\/h4>\n<p>Nessa ter\u00e7a-feira, 28 de novembro, o audit\u00f3rio da Federa\u00e7\u00e3o das Ind\u00fastrias do Estado de Rond\u00f4nia (Fiero) foi palco da formatura de 24 jovens aprendizes da <strong>Energisa<\/strong> Rond\u00f4nia. Os formandos conclu\u00edram o curso de Eletrot\u00e9cnica ministrado pelo Servi\u00e7o Nacional de Aprendizagem Industrial\/Centro Tecnol\u00f3gico de Mecatr\u00f4nica (Senai\/Cetem), consolidando uma etapa importante em suas trajet\u00f3rias profissionais.<\/p>\n<p><img decoding=\"async\" class=\"size-medium wp-image-36537 alignleft lazyload\" data-src=\"https:\/\/folhaderondonianews.com\/news\/wp-content\/uploads\/2023\/11\/energisa-formacao-300x150.jpg\" alt=\"\" width=\"300\" height=\"150\" data-srcset=\"https:\/\/folhaderondonianews.com\/news\/wp-content\/uploads\/2023\/11\/energisa-formacao-300x150.jpg 300w, https:\/\/folhaderondonianews.com\/news\/wp-content\/uploads\/2023\/11\/energisa-formacao.jpg 678w\" data-sizes=\"(max-width: 300px) 100vw, 300px\" src=\"data:image\/svg+xml;base64,PHN2ZyB3aWR0aD0iMSIgaGVpZ2h0PSIxIiB4bWxucz0iaHR0cDovL3d3dy53My5vcmcvMjAwMC9zdmciPjwvc3ZnPg==\" style=\"--smush-placeholder-width: 300px; --smush-placeholder-aspect-ratio: 300\/150;\" \/>A oradora da turma, Cirleane Carol Maia, uma das aprendizes da <strong>Energisa<\/strong>, destacou a jornada dos formandos. &#8220;Estamos aqui para celebrar o fim de uma jornada, mas o in\u00edcio de in\u00fameras possibilidades. Ao longo do curso, enfrentamos desafios, superamos obst\u00e1culos e crescemos como profissionais. Olhamos para essa experi\u00eancia sabendo que cada esfor\u00e7o valeu a pena&#8221;, ressaltou Cirleane, expressando a gratid\u00e3o pela oportunidade de aprendizado.<\/p>\n<p>Sidney Santos, supervisor de Constru\u00e7\u00e3o e Manuten\u00e7\u00e3o da Distribui\u00e7\u00e3o da Energisa, representou a empresa na solenidade. Sidney compartilhou sua pr\u00f3pria experi\u00eancia como jovem aprendiz no Senai e sua trajet\u00f3ria profissional, servindo como inspira\u00e7\u00e3o aos rec\u00e9m-formados. &#8220;Certamente essa foi uma grande experi\u00eancia. Uma etapa que conclu\u00edram com \u00eaxito. A Energisa deseja todo o sucesso a voc\u00eas&#8221;, declarou Santos, destacando a import\u00e2ncia do esfor\u00e7o e dedica\u00e7\u00e3o no caminho profissional.<\/p>\n<p>&nbsp;<\/p>\n","protected":false},"excerpt":{"rendered":"<div class=\"mh-excerpt\"><p>Nesta etapa s\u00e3o 24 jovens aprendizes que agora est\u00e3o formados nos cursos ministrados pela Energisa de Rond\u00f4nia, o que marca o in\u00edcio de novas trajet\u00f3rias profissionais.<\/p>\n<\/div>","protected":false},"author":1,"featured_media":36535,"comment_status":"open","ping_status":"closed","sticky":false,"template":"","format":"standard","meta":{"footnotes":""},"categories":[5],"tags":[4095,42],"class_list":["post-36531","post","type-post","status-publish","format-standard","has-post-thumbnail","hentry","category-brasil","tag-energisa","tag-rondonia"],"_links":{"self":[{"href":"https:\/\/folhaderondonianews.com\/news\/wp-json\/wp\/v2\/posts\/36531","targetHints":{"allow":["GET"]}}],"collection":[{"href":"https:\/\/folhaderondonianews.com\/news\/wp-json\/wp\/v2\/posts"}],"about":[{"href":"https:\/\/folhaderondonianews.com\/news\/wp-json\/wp\/v2\/types\/post"}],"author":[{"embeddable":true,"href":"https:\/\/folhaderondonianews.com\/news\/wp-json\/wp\/v2\/users\/1"}],"replies":[{"embeddable":true,"href":"https:\/\/folhaderondonianews.com\/news\/wp-json\/wp\/v2\/comments?post=36531"}],"version-history":[{"count":0,"href":"https:\/\/folhaderondonianews.com\/news\/wp-json\/wp\/v2\/posts\/36531\/revisions"}],"wp:featuredmedia":[{"embeddable":true,"href":"https:\/\/folhaderondonianews.com\/news\/wp-json\/wp\/v2\/media\/36535"}],"wp:attachment":[{"href":"https:\/\/folhaderondonianews.com\/news\/wp-json\/wp\/v2\/media?parent=36531"}],"wp:term":[{"taxonomy":"category","embeddable":true,"href":"https:\/\/folhaderondonianews.com\/news\/wp-json\/wp\/v2\/categories?post=36531"},{"taxonomy":"post_tag","embeddable":true,"href":"https:\/\/folhaderondonianews.com\/news\/wp-json\/wp\/v2\/tags?post=36531"}],"curies":[{"name":"wp","href":"https:\/\/api.w.org\/{rel}","templated":true}]}}