{"id":36722,"date":"2023-12-14T10:04:45","date_gmt":"2023-12-14T14:04:45","guid":{"rendered":"https:\/\/folhaderondonianews.com\/news\/?p=36722"},"modified":"2023-12-14T10:08:56","modified_gmt":"2023-12-14T14:08:56","slug":"projeto-claudia-de-jesus-amplia-limite-de-isencao-ao-icms-as-pessoas-com-deficiencia-na-compra-de-veiculos","status":"publish","type":"post","link":"https:\/\/folhaderondonianews.com\/news\/2023\/12\/14\/projeto-claudia-de-jesus-amplia-limite-de-isencao-ao-icms-as-pessoas-com-deficiencia-na-compra-de-veiculos\/","title":{"rendered":"Projeto Cl\u00e1udia de Jesus amplia limite de isen\u00e7\u00e3o ao ICMS \u00e0s pessoas com defici\u00eancia na compra de ve\u00edculos"},"content":{"rendered":"<h4>Proposta permite que pessoas com defici\u00eancia adquiram ve\u00edculos mais adequados \u00e0s necessidades ficando mais em conta.<\/h4>\n<h6><strong>Cristiane Abreu e Francisco Costa <\/strong><\/h6>\n<p>Tramita na Assembleia Legislativa de Rond\u00f4nia (Alero) um Projeto de Lei que visa ampliar o limite para isen\u00e7\u00e3o do Imposto sobre Circula\u00e7\u00e3o de Mercadoria e Servi\u00e7os (ICMS) na compra de ve\u00edculos destinados a pessoas com defici\u00eancia. A iniciativa \u00e9 da deputada estadual Cl\u00e1udia de Jesus (PT) cuja proposta homologa conv\u00eanio do Conselho Nacional de Pol\u00edtica Fazend\u00e1ria (CONFAZ), n\u00e3o necessitando, portanto, de ato do Poder Executivo.<\/p>\n<p>Com a proposta, o abatimento total do ICMS incide em carros de at\u00e9 R$70 mil e h\u00e1 uma isen\u00e7\u00e3o parcial no valor do imposto quando o autom\u00f3vel custa entre R$70 mil e R$120 mil. Caso o ve\u00edculo supere esse pre\u00e7o, n\u00e3o h\u00e1 qualquer benef\u00edcio fiscal relacionado ao ICMS.<\/p>\n<p>A deputada justifica a iniciativa. \u201cHoje, dificilmente, voc\u00ea encontra um carro no valor que atenda \u00e0s necessidades do portador de defici\u00eancia, tendo em vista que n\u00e3o tem como tratar essa quest\u00e3o de forma coletiva. O carro que se ad\u00e9qua \u00e0 realidade de um n\u00e3o atende \u00e0 do outro. Neste sentido, \u00e9 justo que o Estado, seguindo as diretrizes da Uni\u00e3o, amplie ao m\u00e1ximo o limite de isen\u00e7\u00e3o, para que pessoas com defici\u00eancia possam adquirir um autom\u00f3vel\u201d, disse Cl\u00e1udia de Jesus.<\/p>\n<p>O Projeto tamb\u00e9m busca simplificar os procedimentos administrativos, permitindo a atualiza\u00e7\u00e3o dos valores de isen\u00e7\u00e3o sem a necessidade de interven\u00e7\u00e3o do chefe do executivo estadual. Cl\u00e1udia de Jesus enfatiza que isso n\u00e3o apenas simplifica a gest\u00e3o tribut\u00e1ria, mas tamb\u00e9m contribui para uma administra\u00e7\u00e3o mais eficaz e alinhada aos princ\u00edpios de justi\u00e7a fiscal e inclus\u00e3o social. O projeto est\u00e1 sujeito \u00e0 avalia\u00e7\u00e3o da Comiss\u00e3o de Constitui\u00e7\u00e3o, Reda\u00e7\u00e3o e Justi\u00e7a, antes de ser apreciado pelos deputados em plen\u00e1rio.<\/p>\n<p>&nbsp;<\/p>\n<figure style=\"width: 800px\" class=\"wp-caption alignnone\"><img decoding=\"async\" class=\"img-fluid img_texto_noticia lazyload\" data-src=\"https:\/\/www.al.ro.leg.br\/media\/uploads\/2023\/12\/13\/a9c069ba7df94ef280178eb3d37d1c10.JPG\" alt=\"\" width=\"800\" height=\"859\" src=\"data:image\/svg+xml;base64,PHN2ZyB3aWR0aD0iMSIgaGVpZ2h0PSIxIiB4bWxucz0iaHR0cDovL3d3dy53My5vcmcvMjAwMC9zdmciPjwvc3ZnPg==\" style=\"--smush-placeholder-width: 800px; --smush-placeholder-aspect-ratio: 800\/859;\" \/><figcaption class=\"wp-caption-text\">Deputada Cl\u00e1udia de Jesus ( Foto: Rafael Oliveira I\u00a0Secom ALE\/RO)<\/figcaption><\/figure>\n<p><strong>Explicando<\/strong><\/p>\n<p>Conforme a legisla\u00e7\u00e3o atual, h\u00e1 isen\u00e7\u00e3o total de ICMS se o pre\u00e7o do ve\u00edculo for de at\u00e9 R$ 70 mil e parcial se ultrapassar esse valor e n\u00e3o ultrapassar R$ 100 mil. Com a proposta da deputada, pessoas com defici\u00eancia continuar\u00e3o a ter isen\u00e7\u00e3o total para ve\u00edculos cujo pre\u00e7o for de at\u00e9 R$ 70 mil e parcial se ultrapassar esse pre\u00e7o e n\u00e3o ultrapassar os R$ 120 mil. Ou seja, um aumento em R$ 20 mil do pre\u00e7o do ve\u00edculo para fazer jus \u00e0 isen\u00e7\u00e3o parcial.<\/p>\n<p>Atualmente, se uma pessoa com defici\u00eancia quiser comprar um ve\u00edculo de R$ 101 mil ou mais, n\u00e3o ter\u00e1 direito \u00e0 isen\u00e7\u00e3o de ICMS sobre R$ 70 mil. J\u00e1 com a proposta da Deputada, pessoas com defici\u00eancia que comprarem ve\u00edculos de at\u00e9 R$ 120 mil, n\u00e3o pagar\u00e3o ICMS sobre R$ 70 mil, pagando apenas o que excede a isso. Assim, se uma pessoa com defici\u00eancia quiser comprar um ve\u00edculo de R$ 120 mil, ela pagar\u00e1 ICMS sobre o valor de R$ 50 mil, ficando isenta do referido imposto sobre R$ 70 mil.<\/p>\n<p><a href=\"https:\/\/sapl.al.ro.leg.br\/media\/sapl\/public\/materialegislativa\/2023\/35824\/pl_322-23.pdf\" target=\"_blank\" rel=\"noopener\"><strong>Leia o projeto de lei aqui.<\/strong><\/a><\/p>\n","protected":false},"excerpt":{"rendered":"<div class=\"mh-excerpt\"><p>Proposta permite que pessoas com defici\u00eancia adquiram ve\u00edculos mais adequados \u00e0s necessidades ficando mais em conta.<\/p>\n<\/div>","protected":false},"author":1,"featured_media":36724,"comment_status":"open","ping_status":"closed","sticky":false,"template":"","format":"standard","meta":{"footnotes":""},"categories":[9],"tags":[1402,3359,7746,7747],"class_list":["post-36722","post","type-post","status-publish","format-standard","has-post-thumbnail","hentry","category-politica","tag-claudia-de-jesus","tag-icms","tag-necessidades-especias","tag-veiculos"],"_links":{"self":[{"href":"https:\/\/folhaderondonianews.com\/news\/wp-json\/wp\/v2\/posts\/36722","targetHints":{"allow":["GET"]}}],"collection":[{"href":"https:\/\/folhaderondonianews.com\/news\/wp-json\/wp\/v2\/posts"}],"about":[{"href":"https:\/\/folhaderondonianews.com\/news\/wp-json\/wp\/v2\/types\/post"}],"author":[{"embeddable":true,"href":"https:\/\/folhaderondonianews.com\/news\/wp-json\/wp\/v2\/users\/1"}],"replies":[{"embeddable":true,"href":"https:\/\/folhaderondonianews.com\/news\/wp-json\/wp\/v2\/comments?post=36722"}],"version-history":[{"count":0,"href":"https:\/\/folhaderondonianews.com\/news\/wp-json\/wp\/v2\/posts\/36722\/revisions"}],"wp:featuredmedia":[{"embeddable":true,"href":"https:\/\/folhaderondonianews.com\/news\/wp-json\/wp\/v2\/media\/36724"}],"wp:attachment":[{"href":"https:\/\/folhaderondonianews.com\/news\/wp-json\/wp\/v2\/media?parent=36722"}],"wp:term":[{"taxonomy":"category","embeddable":true,"href":"https:\/\/folhaderondonianews.com\/news\/wp-json\/wp\/v2\/categories?post=36722"},{"taxonomy":"post_tag","embeddable":true,"href":"https:\/\/folhaderondonianews.com\/news\/wp-json\/wp\/v2\/tags?post=36722"}],"curies":[{"name":"wp","href":"https:\/\/api.w.org\/{rel}","templated":true}]}}