{"id":36728,"date":"2023-12-14T10:37:09","date_gmt":"2023-12-14T14:37:09","guid":{"rendered":"https:\/\/folhaderondonianews.com\/news\/?p=36728"},"modified":"2023-12-14T10:38:25","modified_gmt":"2023-12-14T14:38:25","slug":"atentado-incendiada-estatua-da-havan-em-rondonia-tem-video","status":"publish","type":"post","link":"https:\/\/folhaderondonianews.com\/news\/2023\/12\/14\/atentado-incendiada-estatua-da-havan-em-rondonia-tem-video\/","title":{"rendered":"ATENTADO &#8211; Incendiada est\u00e1tua da Havan em Rond\u00f4nia &#8211; tem v\u00eddeo"},"content":{"rendered":"<h4>A a\u00e7\u00e3o est\u00e1 sendo atribu\u00edda a uma dupla que surgiu em uma motocicleta e usou combust\u00edvel para iniciar o inc\u00eandio.<\/h4>\n<p>Duas pessoas em uma motocicleta invadem o estacionamento das lojas Havan, em Porto Velho,\u00a0 da capital de Rond\u00f4nia, e botam fogo na est\u00e1tua s\u00edmbolo da institui\u00e7\u00e3o comercial. O ato de vandalismo aconteceu na madrugada de hoje (14\/12). A loja fica localizada na avenida Jorge Teixeira.<\/p>\n<p>Mesmo sendo r\u00e1pida a a\u00e7\u00e3o do corpo de bombeiros, o fogo consumiu toda a est\u00e1tua. Imagens de c\u00e2meras de seguran\u00e7a n\u00e3o s\u00f3 da Havan como de v\u00e1rios pontos ao longo da avenida Jorge Teixeira ser\u00e3o analisadas. O caso est\u00e1 sendo investigado pela pol\u00edcia civil.<\/p>\n<p><iframe title=\"Criminosos colocam fogo na Est\u00e1tua da Havan, em Porto Velho (RO)\" width=\"500\" height=\"281\" data-src=\"https:\/\/www.youtube.com\/embed\/ZpOmhOZBIuI?feature=oembed\" frameborder=\"0\" allow=\"accelerometer; autoplay; clipboard-write; encrypted-media; gyroscope; picture-in-picture; web-share\" referrerpolicy=\"strict-origin-when-cross-origin\" allowfullscreen src=\"data:image\/svg+xml;base64,PHN2ZyB3aWR0aD0iMSIgaGVpZ2h0PSIxIiB4bWxucz0iaHR0cDovL3d3dy53My5vcmcvMjAwMC9zdmciPjwvc3ZnPg==\" class=\"lazyload\" data-load-mode=\"1\"><\/iframe><\/p>\n","protected":false},"excerpt":{"rendered":"<div class=\"mh-excerpt\"><p>A a\u00e7\u00e3o est\u00e1 sendo atribu\u00edda a uma dupla que surgiu em uma motocicleta e usou combust\u00edvel para iniciar o inc\u00eandio.<\/p>\n<\/div>","protected":false},"author":1,"featured_media":36729,"comment_status":"open","ping_status":"closed","sticky":false,"template":"","format":"standard","meta":{"footnotes":""},"categories":[11],"tags":[],"class_list":["post-36728","post","type-post","status-publish","format-standard","has-post-thumbnail","hentry","category-policia"],"_links":{"self":[{"href":"https:\/\/folhaderondonianews.com\/news\/wp-json\/wp\/v2\/posts\/36728","targetHints":{"allow":["GET"]}}],"collection":[{"href":"https:\/\/folhaderondonianews.com\/news\/wp-json\/wp\/v2\/posts"}],"about":[{"href":"https:\/\/folhaderondonianews.com\/news\/wp-json\/wp\/v2\/types\/post"}],"author":[{"embeddable":true,"href":"https:\/\/folhaderondonianews.com\/news\/wp-json\/wp\/v2\/users\/1"}],"replies":[{"embeddable":true,"href":"https:\/\/folhaderondonianews.com\/news\/wp-json\/wp\/v2\/comments?post=36728"}],"version-history":[{"count":0,"href":"https:\/\/folhaderondonianews.com\/news\/wp-json\/wp\/v2\/posts\/36728\/revisions"}],"wp:featuredmedia":[{"embeddable":true,"href":"https:\/\/folhaderondonianews.com\/news\/wp-json\/wp\/v2\/media\/36729"}],"wp:attachment":[{"href":"https:\/\/folhaderondonianews.com\/news\/wp-json\/wp\/v2\/media?parent=36728"}],"wp:term":[{"taxonomy":"category","embeddable":true,"href":"https:\/\/folhaderondonianews.com\/news\/wp-json\/wp\/v2\/categories?post=36728"},{"taxonomy":"post_tag","embeddable":true,"href":"https:\/\/folhaderondonianews.com\/news\/wp-json\/wp\/v2\/tags?post=36728"}],"curies":[{"name":"wp","href":"https:\/\/api.w.org\/{rel}","templated":true}]}}