{"id":36915,"date":"2024-01-18T11:33:58","date_gmt":"2024-01-18T15:33:58","guid":{"rendered":"https:\/\/folhaderondonianews.com\/news\/?p=36915"},"modified":"2024-01-18T11:33:58","modified_gmt":"2024-01-18T15:33:58","slug":"comecam-nesta-sexta-feira-inscricoes-para-o-concurso-unificado","status":"publish","type":"post","link":"https:\/\/folhaderondonianews.com\/news\/2024\/01\/18\/comecam-nesta-sexta-feira-inscricoes-para-o-concurso-unificado\/","title":{"rendered":"Come\u00e7am nesta sexta-feira inscri\u00e7\u00f5es para o concurso unificado"},"content":{"rendered":"<div class=\"row\">\n<h3 class=\"col-10 offset-1 animated fadeInDown dealy-900 display-8 display-md-8 alt-font font-italic my-1 text-center\">Prazo segue at\u00e9 9 de fevereiro.<\/h3>\n<p>Come\u00e7am nesta sexta-feira (19) as inscri\u00e7\u00f5es para o Concurso P\u00fablico Nacional Unificado. O certame vai selecionar, de uma s\u00f3 vez, 6.640 servidores para 21 \u00f3rg\u00e3os p\u00fablicos federais.\u00a0<img decoding=\"async\" data-src=\"https:\/\/agenciabrasil.ebc.com.br\/ebc.png?id=1576481&amp;o=node\" src=\"data:image\/svg+xml;base64,PHN2ZyB3aWR0aD0iMSIgaGVpZ2h0PSIxIiB4bWxucz0iaHR0cDovL3d3dy53My5vcmcvMjAwMC9zdmciPjwvc3ZnPg==\" class=\"lazyload\" \/><img decoding=\"async\" data-src=\"https:\/\/agenciabrasil.ebc.com.br\/ebc.gif?id=1576481&amp;o=node\" src=\"data:image\/svg+xml;base64,PHN2ZyB3aWR0aD0iMSIgaGVpZ2h0PSIxIiB4bWxucz0iaHR0cDovL3d3dy53My5vcmcvMjAwMC9zdmciPjwvc3ZnPg==\" class=\"lazyload\" \/><\/p>\n<p>No ato\u00a0 da inscri\u00e7\u00e3o, feita exclusivamente pelo aplicativo Gov.br, ser\u00e1 gerada uma Guia de Recolhimento da Uni\u00e3o (GRU), \u00fanico mecanismo de pagamento que valer\u00e1 para o concurso. O prazo segue at\u00e9 9 de fevereiro.<\/p>\n<p>As provas ser\u00e3o aplicadas no dia 5 de maio em 220 cidades, distribu\u00eddas em todos os estados e no Distrito Federal. A taxa de inscri\u00e7\u00e3o ser\u00e1 R$ 60 para vagas de n\u00edvel m\u00e9dio e R$ 90 para vagas de n\u00edvel superior.<\/p>\n<p>Est\u00e3o isentos candidatos que integram o Cadastro \u00danico para Programas Sociais (Cad\u00danico) e que cursam ou cursaram faculdade com apoio do Fundo de Financiamento ao Estudante do Ensino Superior (Fies) ou do Programa Universidade para Todos (ProUni), assim como doadores de medula \u00f3ssea.<\/p>\n<div class=\"dnd-widget-wrapper context-sem_processamento type-image\">\n<div class=\"dnd-atom-rendered\">\n<div class=\"shadow overflow-hidden rounded-lg d-block w-100\"><img decoding=\"async\" class=\"flex-fill img-cover lazyload\" title=\"Arte: Ag\u00eancia Brasil\" data-src=\"https:\/\/agenciabrasil.ebc.com.br\/sites\/default\/files\/thumbnails\/image\/enem_concurso4.jpg\" alt=\"Arte Enem dos concursos isen\u00e7\u00e3o de taxa. Arte: Ag\u00eancia Brasil\" src=\"data:image\/svg+xml;base64,PHN2ZyB3aWR0aD0iMSIgaGVpZ2h0PSIxIiB4bWxucz0iaHR0cDovL3d3dy53My5vcmcvMjAwMC9zdmciPjwvc3ZnPg==\" \/><\/div>\n<\/div>\n<\/div>\n<p>O Minist\u00e9rio da Gest\u00e3o e da Inova\u00e7\u00e3o em Servi\u00e7os P\u00fablicos, respons\u00e1vel pela condu\u00e7\u00e3o do concurso, recomenda leitura cuidadosa dos editais, \u201cpotencializando as trajet\u00f3rias profissionais e acad\u00eamicas dos candidatos\u201c.<\/p>\n<p>Em nota, a pasta destacou que a proposta \u00e9 democratizar o acesso aos quadros federais e permitir que candidatos alinhem suas voca\u00e7\u00f5es \u00e0s oportunidades oferecidas.<\/p>\n<p>Um dos destaques do certame \u00e9 a possibilidade de utilizar as listas de classifica\u00e7\u00e3o tamb\u00e9m para a ocupa\u00e7\u00e3o de vagas em cargos tempor\u00e1rios, sendo que, se o candidato aceitar um cargo tempor\u00e1rio, continuar\u00e1 na lista de espera dos outros cargos. O concurso ter\u00e1 validade de 12 meses, podendo ser prorrogado por mais 12 meses.<\/p>\n<p>\u201cPessoas aprovadas para cargos que, porventura, n\u00e3o sejam o da primeira op\u00e7\u00e3o selecionada no momento da inscri\u00e7\u00e3o, continuar\u00e3o em lista de espera para o principal posto desejado\u201d, refor\u00e7ou o minist\u00e9rio.<\/p>\n<div class=\"dnd-widget-wrapper context-sem_processamento type-image\">\n<div class=\"dnd-atom-rendered\">\n<div class=\"shadow overflow-hidden rounded-lg d-block w-100\"><img decoding=\"async\" class=\"flex-fill img-cover lazyload\" title=\"Arte\/EBC\" data-src=\"https:\/\/agenciabrasil.ebc.com.br\/sites\/default\/files\/thumbnails\/image\/enem_concurso2_copy.jpg\" alt=\"Arte Enem dos Concursos. Reserva de Vagas e Cronograma. Foto: Arte\/EBC\" src=\"data:image\/svg+xml;base64,PHN2ZyB3aWR0aD0iMSIgaGVpZ2h0PSIxIiB4bWxucz0iaHR0cDovL3d3dy53My5vcmcvMjAwMC9zdmciPjwvc3ZnPg==\" \/><\/div>\n<\/div>\n<\/div>\n<p>&nbsp;<\/p>\n<p>&nbsp;<\/p>\n<\/div>\n","protected":false},"excerpt":{"rendered":"<div class=\"mh-excerpt\"><p>Prazo segue at\u00e9 9 de fevereiro.<\/p>\n<\/div>","protected":false},"author":1,"featured_media":36916,"comment_status":"open","ping_status":"closed","sticky":false,"template":"","format":"standard","meta":{"footnotes":""},"categories":[9],"tags":[7779],"class_list":["post-36915","post","type-post","status-publish","format-standard","has-post-thumbnail","hentry","category-politica","tag-concurso-unificado"],"_links":{"self":[{"href":"https:\/\/folhaderondonianews.com\/news\/wp-json\/wp\/v2\/posts\/36915","targetHints":{"allow":["GET"]}}],"collection":[{"href":"https:\/\/folhaderondonianews.com\/news\/wp-json\/wp\/v2\/posts"}],"about":[{"href":"https:\/\/folhaderondonianews.com\/news\/wp-json\/wp\/v2\/types\/post"}],"author":[{"embeddable":true,"href":"https:\/\/folhaderondonianews.com\/news\/wp-json\/wp\/v2\/users\/1"}],"replies":[{"embeddable":true,"href":"https:\/\/folhaderondonianews.com\/news\/wp-json\/wp\/v2\/comments?post=36915"}],"version-history":[{"count":0,"href":"https:\/\/folhaderondonianews.com\/news\/wp-json\/wp\/v2\/posts\/36915\/revisions"}],"wp:featuredmedia":[{"embeddable":true,"href":"https:\/\/folhaderondonianews.com\/news\/wp-json\/wp\/v2\/media\/36916"}],"wp:attachment":[{"href":"https:\/\/folhaderondonianews.com\/news\/wp-json\/wp\/v2\/media?parent=36915"}],"wp:term":[{"taxonomy":"category","embeddable":true,"href":"https:\/\/folhaderondonianews.com\/news\/wp-json\/wp\/v2\/categories?post=36915"},{"taxonomy":"post_tag","embeddable":true,"href":"https:\/\/folhaderondonianews.com\/news\/wp-json\/wp\/v2\/tags?post=36915"}],"curies":[{"name":"wp","href":"https:\/\/api.w.org\/{rel}","templated":true}]}}