{"id":36979,"date":"2024-01-26T16:28:05","date_gmt":"2024-01-26T20:28:05","guid":{"rendered":"https:\/\/folhaderondonianews.com\/news\/?p=36979"},"modified":"2024-01-26T16:37:25","modified_gmt":"2024-01-26T20:37:25","slug":"presidente-da-faperon-helio-dias-e-senador-confucio-moura-unem-forcas-para-impulsionar-a-infraestrutura-logistica-em-rondonia-e-mato-grosso","status":"publish","type":"post","link":"https:\/\/folhaderondonianews.com\/news\/2024\/01\/26\/presidente-da-faperon-helio-dias-e-senador-confucio-moura-unem-forcas-para-impulsionar-a-infraestrutura-logistica-em-rondonia-e-mato-grosso\/","title":{"rendered":"Presidente da Faperon, H\u00e9lio Dias e senador Conf\u00facio Moura unem for\u00e7as para impulsionar a infraestrutura log\u00edstica em Rond\u00f4nia e Mato Grosso"},"content":{"rendered":"<p>Na manh\u00e3 desta sexta-feira, o presidente da Federa\u00e7\u00e3o da Agricultura e Pecu\u00e1ria do Estado de Rond\u00f4nia (Faperon), H\u00e9lio Dias, e o senador Conf\u00facio Moura (MDB-RO) protagonizaram uma reuni\u00e3o estrat\u00e9gica no audit\u00f3rio da Faperon. O encontro teve como foco principal discutir melhorias cruciais na infraestrutura log\u00edstica do corredor de exporta\u00e7\u00e3o da BR 364 e da hidrovia do rio Madeira.<\/p>\n<p><img decoding=\"async\" class=\"not-transparent wp-image-1287 aligncenter td-animation-stack-type0-2 lazyload\" data-src=\"https:\/\/rondoniadagente.com.br\/wp-content\/uploads\/2024\/01\/WhatsApp-Image-2024-01-26-at-09.36.30-1024x576.webp\" data-sizes=\"(max-width: 1024px) 100vw, 1024px\" data-srcset=\"https:\/\/rondoniadagente.com.br\/wp-content\/uploads\/2024\/01\/WhatsApp-Image-2024-01-26-at-09.36.30-1024x576.webp 1024w, https:\/\/rondoniadagente.com.br\/wp-content\/uploads\/2024\/01\/WhatsApp-Image-2024-01-26-at-09.36.30-300x169.webp 300w, https:\/\/rondoniadagente.com.br\/wp-content\/uploads\/2024\/01\/WhatsApp-Image-2024-01-26-at-09.36.30-768x432.webp 768w, https:\/\/rondoniadagente.com.br\/wp-content\/uploads\/2024\/01\/WhatsApp-Image-2024-01-26-at-09.36.30-1536x864.webp 1536w, https:\/\/rondoniadagente.com.br\/wp-content\/uploads\/2024\/01\/WhatsApp-Image-2024-01-26-at-09.36.30-jpeg.webp 1600w\" alt=\"\" width=\"1024\" height=\"576\" data-dominant-color=\"6e6767\" data-has-transparency=\"false\" src=\"data:image\/svg+xml;base64,PHN2ZyB3aWR0aD0iMSIgaGVpZ2h0PSIxIiB4bWxucz0iaHR0cDovL3d3dy53My5vcmcvMjAwMC9zdmciPjwvc3ZnPg==\" style=\"--smush-placeholder-width: 1024px; --smush-placeholder-aspect-ratio: 1024\/576;\" \/>O ponto destacado na reuni\u00e3o foi o plano de investimento, concess\u00e3o e leil\u00e3o do trecho Vilhena\/Porto Velho, que representa um marco significativo para o futuro desenvolvimento econ\u00f4mico dos estados de Rond\u00f4nia e Mato Grosso.<\/p>\n<p>O presidente H\u00e9lio Dias ressaltou a import\u00e2ncia estrat\u00e9gica dessa iniciativa, afirmando que \u201c<em>melhorias na infraestrutura log\u00edstica s\u00e3o fundamentais para impulsionar o desenvolvimento econ\u00f4mico de Rond\u00f4nia e Mato Grosso\u201d.<\/em>\u00a0Ele destacou ainda que a otimiza\u00e7\u00e3o do corredor de exporta\u00e7\u00e3o da BR 364 e a potencial expans\u00e3o da hidrovia do rio Madeira t\u00eam o potencial de fortalecer a posi\u00e7\u00e3o desses estados no cen\u00e1rio nacional e internacional.<\/p>\n<p>Um dos pontos-chave da discuss\u00e3o foi a necessidade de interven\u00e7\u00e3o do senador Conf\u00facio Moura junto ao MT\/DNIT para promover audi\u00eancias p\u00fablicas nas principais cidades ao longo do trecho da BR 364. Essas audi\u00eancias, segundo o presidente da Faperon, n\u00e3o apenas trariam transpar\u00eancia ao processo, mas tamb\u00e9m possibilitariam a participa\u00e7\u00e3o ativa da comunidade, garantindo que suas necessidades e preocupa\u00e7\u00f5es sejam consideradas no desenvolvimento desse projeto estrat\u00e9gico.<\/p>\n<p>A obra proposta vai al\u00e9m de uma quest\u00e3o de infraestrutura; \u00e9 vista como um investimento no crescimento sustent\u00e1vel, no fortalecimento econ\u00f4mico e na melhoria da qualidade de vida para os cidad\u00e3os de Rond\u00f4nia e Mato Grosso. A expectativa \u00e9 que essa iniciativa n\u00e3o apenas facilite o tr\u00e1fego e o escoamento, mas tamb\u00e9m abra novas oportunidades para o com\u00e9rcio e a ind\u00fastria, consolidando esses estados como protagonistas no panorama log\u00edstico nacional. A proposta agora segue para novas etapas de discuss\u00e3o e implementa\u00e7\u00e3o, com a expectativa de impactar positivamente a regi\u00e3o nos pr\u00f3ximos anos.<\/p>\n<p>A Faperon, \u00e9 uma entidade que representa os interesses dos produtores rurais do estado. Atuando como uma organiza\u00e7\u00e3o de classe, busca promover o desenvolvimento sustent\u00e1vel da agricultura e pecu\u00e1ria na regi\u00e3o, al\u00e9m de defender os direitos e interesses dos agricultores e pecuaristas. A entidade desempenha um papel crucial ao facilitar a comunica\u00e7\u00e3o entre os produtores, promover a\u00e7\u00f5es para o aprimoramento do setor agropecu\u00e1rio e participar de discuss\u00f5es sobre pol\u00edticas que impactam a atividade rural em Rond\u00f4nia.<\/p>\n<p>Fotos Andr\u00e9 Fernando<\/p>\n<p>Fonte: Rond\u00f4nia da Gente<\/p>\n","protected":false},"excerpt":{"rendered":"<div class=\"mh-excerpt\"><p>O encontro teve como foco principal discutir melhorias cruciais na infraestrutura log\u00edstica do corredor de exporta\u00e7\u00e3o da BR 364 e da hidrovia do rio Madeira.<\/p>\n<\/div>","protected":false},"author":1,"featured_media":36980,"comment_status":"open","ping_status":"closed","sticky":false,"template":"","format":"standard","meta":{"footnotes":""},"categories":[9],"tags":[1041,7789,7790],"class_list":["post-36979","post","type-post","status-publish","format-standard","has-post-thumbnail","hentry","category-politica","tag-confucio-moura","tag-faperon","tag-helio-dias"],"_links":{"self":[{"href":"https:\/\/folhaderondonianews.com\/news\/wp-json\/wp\/v2\/posts\/36979","targetHints":{"allow":["GET"]}}],"collection":[{"href":"https:\/\/folhaderondonianews.com\/news\/wp-json\/wp\/v2\/posts"}],"about":[{"href":"https:\/\/folhaderondonianews.com\/news\/wp-json\/wp\/v2\/types\/post"}],"author":[{"embeddable":true,"href":"https:\/\/folhaderondonianews.com\/news\/wp-json\/wp\/v2\/users\/1"}],"replies":[{"embeddable":true,"href":"https:\/\/folhaderondonianews.com\/news\/wp-json\/wp\/v2\/comments?post=36979"}],"version-history":[{"count":0,"href":"https:\/\/folhaderondonianews.com\/news\/wp-json\/wp\/v2\/posts\/36979\/revisions"}],"wp:featuredmedia":[{"embeddable":true,"href":"https:\/\/folhaderondonianews.com\/news\/wp-json\/wp\/v2\/media\/36980"}],"wp:attachment":[{"href":"https:\/\/folhaderondonianews.com\/news\/wp-json\/wp\/v2\/media?parent=36979"}],"wp:term":[{"taxonomy":"category","embeddable":true,"href":"https:\/\/folhaderondonianews.com\/news\/wp-json\/wp\/v2\/categories?post=36979"},{"taxonomy":"post_tag","embeddable":true,"href":"https:\/\/folhaderondonianews.com\/news\/wp-json\/wp\/v2\/tags?post=36979"}],"curies":[{"name":"wp","href":"https:\/\/api.w.org\/{rel}","templated":true}]}}