{"id":36985,"date":"2024-01-31T12:33:15","date_gmt":"2024-01-31T16:33:15","guid":{"rendered":"https:\/\/folhaderondonianews.com\/news\/?p=36985"},"modified":"2024-01-31T12:33:15","modified_gmt":"2024-01-31T16:33:15","slug":"claudia-de-jesus-solicita-nomeacao-de-aprovados-em-concurso-da-sesau","status":"publish","type":"post","link":"https:\/\/folhaderondonianews.com\/news\/2024\/01\/31\/claudia-de-jesus-solicita-nomeacao-de-aprovados-em-concurso-da-sesau\/","title":{"rendered":"Cl\u00e1udia de Jesus solicita nomea\u00e7\u00e3o de aprovados em concurso da Sesau"},"content":{"rendered":"<h3>Medida busca fortalecer o quadro de servidores da sa\u00fade em Rond\u00f4nia.<\/h3>\n<p>Cristiane Abreu &#8211; A deputada estadual <a href=\"https:\/\/www.deputadaclaudiadejesus.com.br\/\">Cl\u00e1udia de Jesus (PT)<\/a>\u00a0fez uma indica\u00e7\u00e3o \u00e0 Secretaria de Estado da Sa\u00fade (Sesau) e \u00e0 Superintend\u00eancia Estadual de Gest\u00e3o de Pessoas (Segep) em Rond\u00f4nia pedindo a nomea\u00e7\u00e3o imediata dos candidatos aprovados remanescentes no concurso da Sesau de 2017.<\/p>\n<p>A deputada enfatiza a necessidade de ampliar o quadro de servidores da sa\u00fade, considerando os desafios enfrentados pelo setor. A a\u00e7\u00e3o n\u00e3o s\u00f3 atender\u00e1 aos interesses dos profissionais da \u00e1rea da sa\u00fade, que aguardam h\u00e1 anos pela nomea\u00e7\u00e3o, mas tamb\u00e9m responder\u00e1 aos anseios da popula\u00e7\u00e3o rondoniense por um servi\u00e7o p\u00fablico de sa\u00fade de maior qualidade.<\/p>\n<p>A expectativa se volta para a resposta do governo estadual e dos \u00f3rg\u00e3os respons\u00e1veis.\u00a0<i><b>\u201cA decis\u00e3o de nomear os aprovados pode fortalecer o sistema de sa\u00fade de Rond\u00f4nia, atendendo \u00e0s necessidades dos profissionais da sa\u00fade e da popula\u00e7\u00e3o\u201d<\/b><\/i>, declarou a deputada.<\/p>\n<div><\/div>\n<p>&nbsp;<\/p>\n","protected":false},"excerpt":{"rendered":"<div class=\"mh-excerpt\"><p>Medida busca fortalecer o quadro de servidores da sa\u00fade em Rond\u00f4nia.<\/p>\n<\/div>","protected":false},"author":1,"featured_media":36986,"comment_status":"open","ping_status":"closed","sticky":false,"template":"","format":"standard","meta":{"footnotes":""},"categories":[9],"tags":[1402,7791],"class_list":["post-36985","post","type-post","status-publish","format-standard","has-post-thumbnail","hentry","category-politica","tag-claudia-de-jesus","tag-segep"],"_links":{"self":[{"href":"https:\/\/folhaderondonianews.com\/news\/wp-json\/wp\/v2\/posts\/36985","targetHints":{"allow":["GET"]}}],"collection":[{"href":"https:\/\/folhaderondonianews.com\/news\/wp-json\/wp\/v2\/posts"}],"about":[{"href":"https:\/\/folhaderondonianews.com\/news\/wp-json\/wp\/v2\/types\/post"}],"author":[{"embeddable":true,"href":"https:\/\/folhaderondonianews.com\/news\/wp-json\/wp\/v2\/users\/1"}],"replies":[{"embeddable":true,"href":"https:\/\/folhaderondonianews.com\/news\/wp-json\/wp\/v2\/comments?post=36985"}],"version-history":[{"count":0,"href":"https:\/\/folhaderondonianews.com\/news\/wp-json\/wp\/v2\/posts\/36985\/revisions"}],"wp:featuredmedia":[{"embeddable":true,"href":"https:\/\/folhaderondonianews.com\/news\/wp-json\/wp\/v2\/media\/36986"}],"wp:attachment":[{"href":"https:\/\/folhaderondonianews.com\/news\/wp-json\/wp\/v2\/media?parent=36985"}],"wp:term":[{"taxonomy":"category","embeddable":true,"href":"https:\/\/folhaderondonianews.com\/news\/wp-json\/wp\/v2\/categories?post=36985"},{"taxonomy":"post_tag","embeddable":true,"href":"https:\/\/folhaderondonianews.com\/news\/wp-json\/wp\/v2\/tags?post=36985"}],"curies":[{"name":"wp","href":"https:\/\/api.w.org\/{rel}","templated":true}]}}