{"id":37010,"date":"2024-02-07T10:03:10","date_gmt":"2024-02-07T14:03:10","guid":{"rendered":"https:\/\/folhaderondonianews.com\/news\/?p=37010"},"modified":"2024-02-07T10:03:10","modified_gmt":"2024-02-07T14:03:10","slug":"confucio-discute-pautas-de-interesses-de-rondonia-com-o-presidente-do-senado-federal","status":"publish","type":"post","link":"https:\/\/folhaderondonianews.com\/news\/2024\/02\/07\/confucio-discute-pautas-de-interesses-de-rondonia-com-o-presidente-do-senado-federal\/","title":{"rendered":"Conf\u00facio discute pautas de interesses de Rond\u00f4nia com o presidente do Senado Federal"},"content":{"rendered":"<header class=\"cmsmasters_post_header entry-header\">\n<h4 class=\"cmsmasters_post_content entry-content\">Em meio ao tumulto do in\u00edcio do ano parlamentar, o senador de Rond\u00f4nia \u00e9 atendido pelo presidente do Senado e\u00a0 debate projetos de interesse do Brasil e de Rond\u00f4nia.<\/h4>\n<\/header>\n<p class=\"cmsmasters_post_content entry-content\">Na tarde dessa ter\u00e7a-feira (6), o senador Conf\u00facio Moura (MDB-RO) participou de audi\u00eancia com o presidente do Senado Federal, Rodrigo Pacheco (PSD-MG), para tratar de dois temas importantes para o Brasil, em geral, e para Rond\u00f4nia, em particular.Em um ano legislativo que se prenuncia tenso e importante para o Senado Federal, o senador Conf\u00facio Moura agradeceu a gentileza do presidente da Casa em receb\u00ea-lo entre reuni\u00f5es com os l\u00edderes partid\u00e1rios, do governo e da oposi\u00e7\u00e3o.<\/p>\n<blockquote>\n<p class=\"cmsmasters_post_content entry-content\">\u201c<em>O ano come\u00e7ou a mil para o presidente do Senado, com pautas importantes, pol\u00eamicas e de elevada complexidade. Mas, gentilmente, ele abriu um espa\u00e7o na agenda para mim e tratei com ele dois assuntos importantes para o Brasil e para Rond\u00f4nia<\/em>\u201d, afirmou o senador.<\/p>\n<\/blockquote>\n<p class=\"cmsmasters_post_content entry-content\">O primeiro tema foi os vetos do presidente da Rep\u00fablica ao Projeto de Lei de autoria do parlamentar rondoniense que trata da simplifica\u00e7\u00e3o para a regulariza\u00e7\u00e3o fundi\u00e1ria, suprimindo as Cl\u00e1usulas Resolutivas que vigem desde os anos 1970 \u2013 e que impendem que terras j\u00e1 de propriedades dos ocupantes h\u00e1 mais de 30 anos sejam regularizadas.\u201c<em>S\u00f3 em Rond\u00f4nia, temos mais de 50 mil propriedades nesta situa\u00e7\u00e3o, segundo dados do INCRA. Imaginem no Brasil inteiro\u2026 pedi ao presidente do Senado que avalie abrir a discuss\u00e3o sobre os vetos na Casa e chame o governo para conversar. Algo legitimo e corriqueiro no parlamento<\/em>\u201d, anunciou o parlamentar.O outro tema foi a Lei Geral do Licenciamento, da qual o senador \u00e9 o relator na Comiss\u00e3o de Meio Ambiente. O outro relat\u00f3rio \u00e9 da senadora Tereza Cristina (PL-MS), que est\u00e1 na comiss\u00e3o de Agricultura. S\u00e3o relat\u00f3rios paralelos e divergentes, o que dificultar\u00e1 a vota\u00e7\u00e3o em Plen\u00e1rio. \u201c<em>Sugeri ao presidente Pacheco que votemos o que for convergente nos dois, em bloco. O que n\u00e3o for, faremos a vota\u00e7\u00e3o em separado. Desta forma, contemplamos o que interessa a maioria e, de forma democr\u00e1tica, no voto, o que n\u00e3o interessa aos senadores. Creio que ser\u00e1 uma boa solu\u00e7\u00e3o<\/em>\u201d, concluiu Conf\u00facio Moura<\/p>\n","protected":false},"excerpt":{"rendered":"<div class=\"mh-excerpt\"><p>Em meio ao tumulto do in\u00edcio do ano parlamentar, o senador de Rond\u00f4nia \u00e9 atendido pelo presidente do Senado e\u00a0 debate projetos de interesse do Brasil e de Rond\u00f4nia.<\/p>\n<\/div>","protected":false},"author":1,"featured_media":37011,"comment_status":"open","ping_status":"closed","sticky":false,"template":"","format":"standard","meta":{"footnotes":""},"categories":[9],"tags":[1041,7470],"class_list":["post-37010","post","type-post","status-publish","format-standard","has-post-thumbnail","hentry","category-politica","tag-confucio-moura","tag-rodrigo-pacheco"],"_links":{"self":[{"href":"https:\/\/folhaderondonianews.com\/news\/wp-json\/wp\/v2\/posts\/37010","targetHints":{"allow":["GET"]}}],"collection":[{"href":"https:\/\/folhaderondonianews.com\/news\/wp-json\/wp\/v2\/posts"}],"about":[{"href":"https:\/\/folhaderondonianews.com\/news\/wp-json\/wp\/v2\/types\/post"}],"author":[{"embeddable":true,"href":"https:\/\/folhaderondonianews.com\/news\/wp-json\/wp\/v2\/users\/1"}],"replies":[{"embeddable":true,"href":"https:\/\/folhaderondonianews.com\/news\/wp-json\/wp\/v2\/comments?post=37010"}],"version-history":[{"count":0,"href":"https:\/\/folhaderondonianews.com\/news\/wp-json\/wp\/v2\/posts\/37010\/revisions"}],"wp:featuredmedia":[{"embeddable":true,"href":"https:\/\/folhaderondonianews.com\/news\/wp-json\/wp\/v2\/media\/37011"}],"wp:attachment":[{"href":"https:\/\/folhaderondonianews.com\/news\/wp-json\/wp\/v2\/media?parent=37010"}],"wp:term":[{"taxonomy":"category","embeddable":true,"href":"https:\/\/folhaderondonianews.com\/news\/wp-json\/wp\/v2\/categories?post=37010"},{"taxonomy":"post_tag","embeddable":true,"href":"https:\/\/folhaderondonianews.com\/news\/wp-json\/wp\/v2\/tags?post=37010"}],"curies":[{"name":"wp","href":"https:\/\/api.w.org\/{rel}","templated":true}]}}