{"id":37266,"date":"2024-03-12T09:04:24","date_gmt":"2024-03-12T13:04:24","guid":{"rendered":"https:\/\/folhaderondonianews.com\/news\/?p=37266"},"modified":"2024-03-12T09:04:31","modified_gmt":"2024-03-12T13:04:31","slug":"claudia-de-jesus-propoe-projeto-de-lei-que-garanta-licenca-menstrual-as-mulheres-com-sintomas-graves","status":"publish","type":"post","link":"https:\/\/folhaderondonianews.com\/news\/2024\/03\/12\/claudia-de-jesus-propoe-projeto-de-lei-que-garanta-licenca-menstrual-as-mulheres-com-sintomas-graves\/","title":{"rendered":"Cl\u00e1udia de Jesus prop\u00f5e projeto de lei que garanta licen\u00e7a menstrual \u00e0s mulheres com sintomas graves"},"content":{"rendered":"<h4>Estudo revela que <b>cerca de 15%<\/b> das mulheres enfrentam sintomas graves, com fortes dores na regi\u00e3o inferior do abd\u00f4men e c\u00f3licas intensas, que chegam, muitas vezes, a prejudicar sua rotina.<\/h4>\n<div><strong>Cristiane Abreu\u00a0<\/strong> &#8211; A deputada estadual Cl\u00e1udia de Jesus (PT) apresentou um Projeto de Lei que visa conceder licen\u00e7a de tr\u00eas dias consecutivos, a cada m\u00eas, para mulheres do setor p\u00fablico estadual que comprovem sintomas graves relacionados ao ciclo menstrual. A proposta surge em meio \u00e0s dificuldades enfrentadas por muitas mulheres durante esse per\u00edodo, impedindo-as de realizar suas atividades devido \u00e0s intensas dores.<br \/>\nSegundo Cl\u00e1udia de Jesus, a iniciativa visa considerar o sofrimento enfrentado por muitas mulheres.<\/div>\n<div>\u201cO projeto de lei destaca que, embora a menstrua\u00e7\u00e3o seja uma condi\u00e7\u00e3o natural, para algumas mulheres, os sintomas podem se tornar incapacitantes e \u00e9 importante fornecer medidas que possam garantir seu bem-estar e produtividade\u201d, destacou a deputada.<\/div>\n<div>\n<p>\u00c9 importante destacar que a compet\u00eancia para legislar sobre o trabalho privado \u00e9 sob responsabilidade do Congresso Nacional, o que pode exigir altera\u00e7\u00f5es na CLT para implementar a licen\u00e7a menstrual.<\/p>\n<div id=\"news_midle_content\">\n<p id=\"news_midle_ads\" class=\"ads_banner_text\">\n<\/div>\n<p>No \u00e2mbito federal, tamb\u00e9m est\u00e1 em discuss\u00e3o o Projeto de Lei 1249\/2022, apresentado pela deputada federal Jandira Feghali (PCdoB\/RJ), que prop\u00f5e garantir licen\u00e7a de 3 dias consecutivos, a cada m\u00eas, para mulheres com sintomas graves associados ao fluxo menstrual, sem preju\u00edzo ao seu sal\u00e1rio.<\/p>\n<\/div>\n","protected":false},"excerpt":{"rendered":"<div class=\"mh-excerpt\"><p>Estudo revela que cerca de 15% das mulheres enfrentam sintomas graves, com fortes dores na regi\u00e3o inferior do abd\u00f4men e c\u00f3licas intensas, que chegam, muitas vezes, a prejudicar sua rotina.<\/p>\n<\/div>","protected":false},"author":1,"featured_media":37267,"comment_status":"open","ping_status":"closed","sticky":false,"template":"","format":"standard","meta":{"footnotes":""},"categories":[9],"tags":[7845],"class_list":["post-37266","post","type-post","status-publish","format-standard","has-post-thumbnail","hentry","category-politica","tag-colicas-intensas"],"_links":{"self":[{"href":"https:\/\/folhaderondonianews.com\/news\/wp-json\/wp\/v2\/posts\/37266","targetHints":{"allow":["GET"]}}],"collection":[{"href":"https:\/\/folhaderondonianews.com\/news\/wp-json\/wp\/v2\/posts"}],"about":[{"href":"https:\/\/folhaderondonianews.com\/news\/wp-json\/wp\/v2\/types\/post"}],"author":[{"embeddable":true,"href":"https:\/\/folhaderondonianews.com\/news\/wp-json\/wp\/v2\/users\/1"}],"replies":[{"embeddable":true,"href":"https:\/\/folhaderondonianews.com\/news\/wp-json\/wp\/v2\/comments?post=37266"}],"version-history":[{"count":0,"href":"https:\/\/folhaderondonianews.com\/news\/wp-json\/wp\/v2\/posts\/37266\/revisions"}],"wp:featuredmedia":[{"embeddable":true,"href":"https:\/\/folhaderondonianews.com\/news\/wp-json\/wp\/v2\/media\/37267"}],"wp:attachment":[{"href":"https:\/\/folhaderondonianews.com\/news\/wp-json\/wp\/v2\/media?parent=37266"}],"wp:term":[{"taxonomy":"category","embeddable":true,"href":"https:\/\/folhaderondonianews.com\/news\/wp-json\/wp\/v2\/categories?post=37266"},{"taxonomy":"post_tag","embeddable":true,"href":"https:\/\/folhaderondonianews.com\/news\/wp-json\/wp\/v2\/tags?post=37266"}],"curies":[{"name":"wp","href":"https:\/\/api.w.org\/{rel}","templated":true}]}}