{"id":37960,"date":"2024-07-29T16:10:49","date_gmt":"2024-07-29T20:10:49","guid":{"rendered":"https:\/\/folhaderondonianews.com\/news\/?p=37960"},"modified":"2024-07-29T16:10:49","modified_gmt":"2024-07-29T20:10:49","slug":"convencao-do-pl-em-porto-velho-homologa-pastor-valcenir-como-vice-de-mariana-carvalho","status":"publish","type":"post","link":"https:\/\/folhaderondonianews.com\/news\/2024\/07\/29\/convencao-do-pl-em-porto-velho-homologa-pastor-valcenir-como-vice-de-mariana-carvalho\/","title":{"rendered":"Conven\u00e7\u00e3o do PL em Porto Velho homologa Pastor Valcenir como vice de Mariana Carvalho"},"content":{"rendered":"<h4>O senador Marcos Rog\u00e9rio, que endossou a escolha de Pastor Valcenir, ressaltou sua lideran\u00e7a e compromisso com a comunidade.<\/h4>\n<p><strong>Ludmila Lucas<\/strong> &#8211; No \u00faltimo s\u00e1bado (27\/06), o PL lotou a Talism\u00e3 21, em Porto Velho, em uma conven\u00e7\u00e3o que reuniu representantes da direita, de diversas agremia\u00e7\u00f5es. Na ocasi\u00e3o, foi oficializado o nome do pastor Valcenir Silva, conhecido como Pastor Val, como vice-prefeito na chapa liderada por Mariana Carvalho (Uni\u00e3o Brasil).<img decoding=\"async\" class=\"alignnone size-full wp-image-37962 lazyload\" data-src=\"https:\/\/folhaderondonianews.com\/news\/wp-content\/uploads\/2024\/07\/convencao-marcos-mariana.jpg\" alt=\"\" width=\"640\" height=\"360\" data-srcset=\"https:\/\/folhaderondonianews.com\/news\/wp-content\/uploads\/2024\/07\/convencao-marcos-mariana.jpg 640w, https:\/\/folhaderondonianews.com\/news\/wp-content\/uploads\/2024\/07\/convencao-marcos-mariana-300x169.jpg 300w\" data-sizes=\"(max-width: 640px) 100vw, 640px\" src=\"data:image\/svg+xml;base64,PHN2ZyB3aWR0aD0iMSIgaGVpZ2h0PSIxIiB4bWxucz0iaHR0cDovL3d3dy53My5vcmcvMjAwMC9zdmciPjwvc3ZnPg==\" style=\"--smush-placeholder-width: 640px; --smush-placeholder-aspect-ratio: 640\/360;\" \/><\/p>\n<p>O evento contou com a presen\u00e7a virtual do ex-presidente Jair Bolsonaro e reuniu lideran\u00e7as pol\u00edticas de destaque, como o vice-governador S\u00e9rgio Gon\u00e7alves, o prefeito Hildon Chaves, os deputados federais Coronel Chris\u00f3stomo, Maur\u00edcio Carvalho e Cristiane Lopes, Ant\u00f4nio Rueda presidente nacional do UB, al\u00e9m da deputada estadual Ieda Chaves e da pr\u00f3pria Mariana Carvalho.<\/p>\n<p>Pastor Val \u00e9 te\u00f3logo, especialista em exegese b\u00edblica e grego, al\u00e9m de autor e coautor de livros sobre casamento. Ele tem se destacado pelo seu forte envolvimento em trabalhos sociais nas comunidades mais carentes de Porto Velho, onde tem prestado servi\u00e7os relevantes, sobretudo no cuidado aos mais vulner\u00e1veis.<\/p>\n<p>Al\u00e9m dos servi\u00e7os sociais, desde 2007 Valcenir atua como pastor na Igreja Mission\u00e1ria Catedral da Fam\u00edlia. Casado com Cida, ele \u00e9 pai de nove filhos e av\u00f4 de dez netos. Ele tamb\u00e9m j\u00e1 presidiu o Conselho de Pastores de Porto Velho (COMEP) em tr\u00eas ocasi\u00f5es. Atualmente, atua como superintendente do Distrito Norte Rond\u00f4nia da Igreja Mission\u00e1ria Unida do Brasil.<\/p>\n<p>O senador Marcos Rog\u00e9rio, que endossou a escolha de Pastor Valcenir, ressaltou sua lideran\u00e7a e compromisso com a comunidade. Al\u00e9m de Marcos Rog\u00e9rio, a escolha de Pastor Val conta com o apoio da executiva nacional, inclusive do presidente de honra do PL, Jair Bolsonaro.<\/p>\n<p>A chapa de Mariana Carvalho e Pastor Val segue agora para a campanha com uma forte base de apoio e grandes expectativas para a elei\u00e7\u00e3o municipal.<\/p>\n","protected":false},"excerpt":{"rendered":"<div class=\"mh-excerpt\"><p>O senador Marcos Rog\u00e9rio, que endossou a escolha de Pastor Valcenir, ressaltou sua lideran\u00e7a e compromisso com a comunidade. Ludmila Lucas &#8211; No \u00faltimo s\u00e1bado <a class=\"mh-excerpt-more\" href=\"https:\/\/folhaderondonianews.com\/news\/2024\/07\/29\/convencao-do-pl-em-porto-velho-homologa-pastor-valcenir-como-vice-de-mariana-carvalho\/\" title=\"Conven\u00e7\u00e3o do PL em Porto Velho homologa Pastor Valcenir como vice de Mariana Carvalho\">[&#8230;]<\/a><\/p>\n<\/div>","protected":false},"author":1,"featured_media":37961,"comment_status":"open","ping_status":"closed","sticky":false,"template":"","format":"standard","meta":{"footnotes":""},"categories":[9],"tags":[],"class_list":["post-37960","post","type-post","status-publish","format-standard","has-post-thumbnail","hentry","category-politica"],"_links":{"self":[{"href":"https:\/\/folhaderondonianews.com\/news\/wp-json\/wp\/v2\/posts\/37960","targetHints":{"allow":["GET"]}}],"collection":[{"href":"https:\/\/folhaderondonianews.com\/news\/wp-json\/wp\/v2\/posts"}],"about":[{"href":"https:\/\/folhaderondonianews.com\/news\/wp-json\/wp\/v2\/types\/post"}],"author":[{"embeddable":true,"href":"https:\/\/folhaderondonianews.com\/news\/wp-json\/wp\/v2\/users\/1"}],"replies":[{"embeddable":true,"href":"https:\/\/folhaderondonianews.com\/news\/wp-json\/wp\/v2\/comments?post=37960"}],"version-history":[{"count":0,"href":"https:\/\/folhaderondonianews.com\/news\/wp-json\/wp\/v2\/posts\/37960\/revisions"}],"wp:featuredmedia":[{"embeddable":true,"href":"https:\/\/folhaderondonianews.com\/news\/wp-json\/wp\/v2\/media\/37961"}],"wp:attachment":[{"href":"https:\/\/folhaderondonianews.com\/news\/wp-json\/wp\/v2\/media?parent=37960"}],"wp:term":[{"taxonomy":"category","embeddable":true,"href":"https:\/\/folhaderondonianews.com\/news\/wp-json\/wp\/v2\/categories?post=37960"},{"taxonomy":"post_tag","embeddable":true,"href":"https:\/\/folhaderondonianews.com\/news\/wp-json\/wp\/v2\/tags?post=37960"}],"curies":[{"name":"wp","href":"https:\/\/api.w.org\/{rel}","templated":true}]}}