{"id":37964,"date":"2024-07-30T07:36:11","date_gmt":"2024-07-30T11:36:11","guid":{"rendered":"https:\/\/folhaderondonianews.com\/news\/?p=37964"},"modified":"2024-07-30T07:36:11","modified_gmt":"2024-07-30T11:36:11","slug":"pt-lanca-professora-mageski-a-prefeitura-de-ouro-preto-do-oeste","status":"publish","type":"post","link":"https:\/\/folhaderondonianews.com\/news\/2024\/07\/30\/pt-lanca-professora-mageski-a-prefeitura-de-ouro-preto-do-oeste\/","title":{"rendered":"PT lan\u00e7a professora Mageski a prefeitura de Ouro Preto do Oeste"},"content":{"rendered":"<div><\/div>\n<div>Ap\u00f3s um longo per\u00edodo sem apresentar candidatos para a majorit\u00e1ria, o Partido dos Trabalhadores (PT) lan\u00e7a Soeli Mageski, atual presidente do Sindicato Municipal, como pr\u00e9-candidata a prefeita da cidade de Ouro Preto do Oeste.<\/div>\n<div>&#8220;Soeli \u00e9 uma mulher batalhadora, corajosa e determinada. Ela representa o desejo de transforma\u00e7\u00e3o social e a luta dos trabalhadores. Desejamos sorte na caminhada e tem todo nosso apoio&#8221;, disse a deputada estadual Cl\u00e1udia de Jesus (PT).<\/div>\n<div>Soeli Mageski foi escolhida para liderar a agenda dos trabalhadores e representar a esquerda no munic\u00edpio. O PT, que j\u00e1 teve um papel importante na administra\u00e7\u00e3o local com o falecido Agmar PIAU e sempre teve uma presen\u00e7a relevante no Poder Legislativo, agora conta com diversos membros hist\u00f3ricos do partido para ajudar na forma\u00e7\u00e3o da chapa e na elabora\u00e7\u00e3o do plano de governo. Entre esses membros est\u00e3o Almir Barbosa, ex-vereador, Dantas, ex-deputado, e a fam\u00edlia Arrabal, todos envolvidos na constru\u00e7\u00e3o da estrat\u00e9gia partid\u00e1ria.<\/div>\n<div>Anselmo de Jesus declarou: &#8220;Ouro Preto nunca foi totalmente de direita, e muito menos bolsonarista. O PT e a esquerda sempre tiveram pelo menos 30% de apoio da popula\u00e7\u00e3o. Vamos unir a esquerda no munic\u00edpio e trazer as pol\u00edticas p\u00fablicas do Governo Federal para o debate local. Chega de pol\u00edticos de direita que usam essas pol\u00edticas para fazer politicagem e criticar o PT com base na hipocrisia&#8221;, disse Anselmo de Jesus, presidente do PT no estado.<\/div>\n","protected":false},"excerpt":{"rendered":"<div class=\"mh-excerpt\"><p>Ap\u00f3s um longo per\u00edodo sem apresentar candidatos para a majorit\u00e1ria, o Partido dos Trabalhadores (PT) lan\u00e7a Soeli Mageski, atual presidente do Sindicato Municipal, como pr\u00e9-candidata <a class=\"mh-excerpt-more\" href=\"https:\/\/folhaderondonianews.com\/news\/2024\/07\/30\/pt-lanca-professora-mageski-a-prefeitura-de-ouro-preto-do-oeste\/\" title=\"PT lan\u00e7a professora Mageski a prefeitura de Ouro Preto do Oeste\">[&#8230;]<\/a><\/p>\n<\/div>","protected":false},"author":1,"featured_media":37965,"comment_status":"open","ping_status":"closed","sticky":false,"template":"","format":"standard","meta":{"footnotes":""},"categories":[9],"tags":[],"class_list":["post-37964","post","type-post","status-publish","format-standard","has-post-thumbnail","hentry","category-politica"],"_links":{"self":[{"href":"https:\/\/folhaderondonianews.com\/news\/wp-json\/wp\/v2\/posts\/37964","targetHints":{"allow":["GET"]}}],"collection":[{"href":"https:\/\/folhaderondonianews.com\/news\/wp-json\/wp\/v2\/posts"}],"about":[{"href":"https:\/\/folhaderondonianews.com\/news\/wp-json\/wp\/v2\/types\/post"}],"author":[{"embeddable":true,"href":"https:\/\/folhaderondonianews.com\/news\/wp-json\/wp\/v2\/users\/1"}],"replies":[{"embeddable":true,"href":"https:\/\/folhaderondonianews.com\/news\/wp-json\/wp\/v2\/comments?post=37964"}],"version-history":[{"count":0,"href":"https:\/\/folhaderondonianews.com\/news\/wp-json\/wp\/v2\/posts\/37964\/revisions"}],"wp:featuredmedia":[{"embeddable":true,"href":"https:\/\/folhaderondonianews.com\/news\/wp-json\/wp\/v2\/media\/37965"}],"wp:attachment":[{"href":"https:\/\/folhaderondonianews.com\/news\/wp-json\/wp\/v2\/media?parent=37964"}],"wp:term":[{"taxonomy":"category","embeddable":true,"href":"https:\/\/folhaderondonianews.com\/news\/wp-json\/wp\/v2\/categories?post=37964"},{"taxonomy":"post_tag","embeddable":true,"href":"https:\/\/folhaderondonianews.com\/news\/wp-json\/wp\/v2\/tags?post=37964"}],"curies":[{"name":"wp","href":"https:\/\/api.w.org\/{rel}","templated":true}]}}