{"id":38071,"date":"2024-08-22T09:34:06","date_gmt":"2024-08-22T13:34:06","guid":{"rendered":"https:\/\/folhaderondonianews.com\/news\/?p=38071"},"modified":"2024-08-22T09:34:06","modified_gmt":"2024-08-22T13:34:06","slug":"filha-de-servidor-publico-pioneiro-em-vilhena-sofre-infarto-em-casa-e-morre-em-hospital","status":"publish","type":"post","link":"https:\/\/folhaderondonianews.com\/news\/2024\/08\/22\/filha-de-servidor-publico-pioneiro-em-vilhena-sofre-infarto-em-casa-e-morre-em-hospital\/","title":{"rendered":"Filha de servidor p\u00fablico pioneiro em Vilhena sofre infarto em casa e morre em hospital"},"content":{"rendered":"<h4>Aurir\u00fabia j\u00e1 havia enfrentado parto dif\u00edcil na \u00e9poca da pandemia.<\/h4>\n<p><strong>Folha do Sul On Line &#8211;<\/strong> V\u00edtima de um infarto em casa, a ex-comerci\u00e1ria Auri\u00fabia Costa Carvalho, que completaria 42 anos em outubro, morreu na tarde desta quarta-feira, 21, ap\u00f3s dar entrada na emerg\u00eancia do hospital particular bom Jesus, em Vilhena. Filha do conhecido servidor p\u00fablico Rubinho da Sucam, R\u00fabia, como era conhecida a ex-funcion\u00e1ria de lojas de autope\u00e7as na cidade, come\u00e7ou a sentir mal logo ap\u00f3s o almo\u00e7o e foi levada para receber atendimento m\u00e9dico j\u00e1 na unidade de sa\u00fade.<\/p>\n<p><a href=\"https:\/\/www.folhadosulonline.com.br\/noticias\/detalhe\/2024\/filho-servidor-publico-pioneiro-em-vilhena-sofre-infarto-em-casa-e-morre-aos-42-anos-em-hospital-particular\"><img decoding=\"async\" class=\"alignnone size-full wp-image-24705 lazyload\" data-src=\"https:\/\/folhaderondonianews.com\/news\/wp-content\/uploads\/2019\/09\/continue-lendo2.jpg\" alt=\"\" width=\"433\" height=\"67\" data-srcset=\"https:\/\/folhaderondonianews.com\/news\/wp-content\/uploads\/2019\/09\/continue-lendo2.jpg 433w, https:\/\/folhaderondonianews.com\/news\/wp-content\/uploads\/2019\/09\/continue-lendo2-300x46.jpg 300w\" data-sizes=\"(max-width: 433px) 100vw, 433px\" src=\"data:image\/svg+xml;base64,PHN2ZyB3aWR0aD0iMSIgaGVpZ2h0PSIxIiB4bWxucz0iaHR0cDovL3d3dy53My5vcmcvMjAwMC9zdmciPjwvc3ZnPg==\" style=\"--smush-placeholder-width: 433px; --smush-placeholder-aspect-ratio: 433\/67;\" \/><\/a><\/p>\n","protected":false},"excerpt":{"rendered":"<div class=\"mh-excerpt\"><p>Aurir\u00fabia j\u00e1 havia enfrentado parto dif\u00edcil na \u00e9poca da pandemia.<\/p>\n<\/div>","protected":false},"author":1,"featured_media":38072,"comment_status":"open","ping_status":"closed","sticky":false,"template":"","format":"standard","meta":{"footnotes":""},"categories":[1],"tags":[7978,220],"class_list":["post-38071","post","type-post","status-publish","format-standard","has-post-thumbnail","hentry","category-sem-categoria","tag-aurirubia-costa-carvalho","tag-vilhena"],"_links":{"self":[{"href":"https:\/\/folhaderondonianews.com\/news\/wp-json\/wp\/v2\/posts\/38071","targetHints":{"allow":["GET"]}}],"collection":[{"href":"https:\/\/folhaderondonianews.com\/news\/wp-json\/wp\/v2\/posts"}],"about":[{"href":"https:\/\/folhaderondonianews.com\/news\/wp-json\/wp\/v2\/types\/post"}],"author":[{"embeddable":true,"href":"https:\/\/folhaderondonianews.com\/news\/wp-json\/wp\/v2\/users\/1"}],"replies":[{"embeddable":true,"href":"https:\/\/folhaderondonianews.com\/news\/wp-json\/wp\/v2\/comments?post=38071"}],"version-history":[{"count":0,"href":"https:\/\/folhaderondonianews.com\/news\/wp-json\/wp\/v2\/posts\/38071\/revisions"}],"wp:featuredmedia":[{"embeddable":true,"href":"https:\/\/folhaderondonianews.com\/news\/wp-json\/wp\/v2\/media\/38072"}],"wp:attachment":[{"href":"https:\/\/folhaderondonianews.com\/news\/wp-json\/wp\/v2\/media?parent=38071"}],"wp:term":[{"taxonomy":"category","embeddable":true,"href":"https:\/\/folhaderondonianews.com\/news\/wp-json\/wp\/v2\/categories?post=38071"},{"taxonomy":"post_tag","embeddable":true,"href":"https:\/\/folhaderondonianews.com\/news\/wp-json\/wp\/v2\/tags?post=38071"}],"curies":[{"name":"wp","href":"https:\/\/api.w.org\/{rel}","templated":true}]}}