{"id":38112,"date":"2024-09-20T10:24:10","date_gmt":"2024-09-20T14:24:10","guid":{"rendered":"https:\/\/folhaderondonianews.com\/news\/?p=38112"},"modified":"2024-09-20T10:24:10","modified_gmt":"2024-09-20T14:24:10","slug":"marlei-mezzomo-ausencia-na-sabatina-e-nota-justificando-revela-despreparo-para-governar-ariquemes","status":"publish","type":"post","link":"https:\/\/folhaderondonianews.com\/news\/2024\/09\/20\/marlei-mezzomo-ausencia-na-sabatina-e-nota-justificando-revela-despreparo-para-governar-ariquemes\/","title":{"rendered":"Marlei Mezzomo: aus\u00eancia na sabatina e nota justificando revela despreparo para governar Ariquemes"},"content":{"rendered":"<h4>A quest\u00e3o que fica \u00e9: estar\u00e1 Marlei Mezzomo realmente pronta para assumir a responsabilidade de lideran\u00e7a pol\u00edtica em Ariquemes?<\/h4>\n<p>Roberto Kupp\u00ea &#8211; A candidata Marlei Mezzomo (PP), enviou uma nota \u00e0 TV Norte justificando sua aus\u00eancia na sabatina realizada pela emissora na quarta-feira 18, onde confessou que a disputa pela prefeitura n\u00e3o era seu prop\u00f3sito inicial. Essa revela\u00e7\u00e3o levanta questionamentos sobre seu preparo administrativo e sua capacidade de lideran\u00e7a para assumir o cargo de prefeita em Ariquemes.<\/p>\n<p>Na nota enviada \u00e0 emissora, Marlei Mezzomo explica que sua entrada na campanha ocorreu de forma inesperada, ap\u00f3s a impugna\u00e7\u00e3o do registro do candidato titular. Essa mudan\u00e7a s\u00fabita a colocou em uma nova posi\u00e7\u00e3o, saindo do papel de vice para assumir a responsabilidade de liderar a chapa. Apesar de se descrever como uma gestora administrativa experiente, a candidata reconhece que est\u00e1 em processo de adapta\u00e7\u00e3o a essa nova realidade e focada em cumprir com os tr\u00e2mites necess\u00e1rios para ajustar sua campanha.<\/p>\n<p>Faltando apenas 17 dias para o fim da campanha eleitoral em Ariquemes, a confiss\u00e3o de Marlei Mezzomo sobre a inesperada entrada na disputa eleitoral e a falta de prop\u00f3sito inicial levanta d\u00favidas sobre sua prepara\u00e7\u00e3o para governar Ariquemes. Sua aus\u00eancia na sabatina e a justificativa apresentada evidenciam um despreparo administrativo que pode ser crucial para o eleitorado ao avaliar as op\u00e7\u00f5es dispon\u00edveis para liderar o munic\u00edpio. A quest\u00e3o que fica \u00e9: estar\u00e1 Marlei Mezzomo realmente pronta para assumir a responsabilidade de lideran\u00e7a pol\u00edtica em Ariquemes?<\/p>\n<p>&nbsp;<\/p>\n","protected":false},"excerpt":{"rendered":"<div class=\"mh-excerpt\"><p>A quest\u00e3o que fica \u00e9: estar\u00e1 Marlei Mezzomo realmente pronta para assumir a responsabilidade de lideran\u00e7a pol\u00edtica em Ariquemes?<\/p>\n<\/div>","protected":false},"author":1,"featured_media":38113,"comment_status":"open","ping_status":"closed","sticky":false,"template":"","format":"standard","meta":{"footnotes":""},"categories":[9],"tags":[201,7985,7984],"class_list":["post-38112","post","type-post","status-publish","format-standard","has-post-thumbnail","hentry","category-politica","tag-ariquemes","tag-marlei-mezzomo","tag-roberto-kuppe"],"_links":{"self":[{"href":"https:\/\/folhaderondonianews.com\/news\/wp-json\/wp\/v2\/posts\/38112","targetHints":{"allow":["GET"]}}],"collection":[{"href":"https:\/\/folhaderondonianews.com\/news\/wp-json\/wp\/v2\/posts"}],"about":[{"href":"https:\/\/folhaderondonianews.com\/news\/wp-json\/wp\/v2\/types\/post"}],"author":[{"embeddable":true,"href":"https:\/\/folhaderondonianews.com\/news\/wp-json\/wp\/v2\/users\/1"}],"replies":[{"embeddable":true,"href":"https:\/\/folhaderondonianews.com\/news\/wp-json\/wp\/v2\/comments?post=38112"}],"version-history":[{"count":0,"href":"https:\/\/folhaderondonianews.com\/news\/wp-json\/wp\/v2\/posts\/38112\/revisions"}],"wp:featuredmedia":[{"embeddable":true,"href":"https:\/\/folhaderondonianews.com\/news\/wp-json\/wp\/v2\/media\/38113"}],"wp:attachment":[{"href":"https:\/\/folhaderondonianews.com\/news\/wp-json\/wp\/v2\/media?parent=38112"}],"wp:term":[{"taxonomy":"category","embeddable":true,"href":"https:\/\/folhaderondonianews.com\/news\/wp-json\/wp\/v2\/categories?post=38112"},{"taxonomy":"post_tag","embeddable":true,"href":"https:\/\/folhaderondonianews.com\/news\/wp-json\/wp\/v2\/tags?post=38112"}],"curies":[{"name":"wp","href":"https:\/\/api.w.org\/{rel}","templated":true}]}}