{"id":38152,"date":"2024-09-23T20:31:10","date_gmt":"2024-09-24T00:31:10","guid":{"rendered":"https:\/\/folhaderondonianews.com\/news\/?p=38152"},"modified":"2024-09-23T20:31:10","modified_gmt":"2024-09-24T00:31:10","slug":"stf-prossegue-com-conciliacao-do-marco-temporal-apos-saida-da-apib","status":"publish","type":"post","link":"https:\/\/folhaderondonianews.com\/news\/2024\/09\/23\/stf-prossegue-com-conciliacao-do-marco-temporal-apos-saida-da-apib\/","title":{"rendered":"STF prossegue com concilia\u00e7\u00e3o do marco temporal ap\u00f3s sa\u00edda da Apib"},"content":{"rendered":"<div class=\"header-noticia full-width\">\n<h4 class=\"linha-fina-noticia\">Entidade saiu por entender que direitos dos ind\u00edgenas s\u00e3o inegoci\u00e1veis.<\/h4>\n<\/div>\n<div class=\"subheader\">\n<div class=\"container-autoria\">\n<p>O Supremo Tribunal Federal (STF) realizou nesta segunda-feira (9) mais uma audi\u00eancia de concilia\u00e7\u00e3o sobre o marco temporal para demarca\u00e7\u00e3o de terras ind\u00edgenas. O dia foi dedicado aos depoimentos de especialistas indicados pelo Congresso Nacional, governo federal e Confedera\u00e7\u00e3o Nacional do Munic\u00edpios (CNM).<img decoding=\"async\" data-src=\"https:\/\/agenciabrasil.ebc.com.br\/ebc.png?id=1613420&amp;o=node\" src=\"data:image\/svg+xml;base64,PHN2ZyB3aWR0aD0iMSIgaGVpZ2h0PSIxIiB4bWxucz0iaHR0cDovL3d3dy53My5vcmcvMjAwMC9zdmciPjwvc3ZnPg==\" class=\"lazyload\" \/><img decoding=\"async\" data-src=\"https:\/\/agenciabrasil.ebc.com.br\/ebc.gif?id=1613420&amp;o=node\" src=\"data:image\/svg+xml;base64,PHN2ZyB3aWR0aD0iMSIgaGVpZ2h0PSIxIiB4bWxucz0iaHR0cDovL3d3dy53My5vcmcvMjAwMC9zdmciPjwvc3ZnPg==\" class=\"lazyload\" \/><\/p>\n<p>\u00c9 a segunda reuni\u00e3o promovida pelo ministro Gilmar Mendes, relator do caso, ap\u00f3s a Articula\u00e7\u00e3o dos Povos Ind\u00edgenas (Apib), principal entidade que atua na defesa dos ind\u00edgenas, retirar-se da concilia\u00e7\u00e3o.<\/p>\n<p>Na audi\u00eancia realizada no m\u00eas passado, a entidade deixou a concilia\u00e7\u00e3o por entender que os direitos dos ind\u00edgenas s\u00e3o inegoci\u00e1veis e n\u00e3o h\u00e1 paridade no debate. No ano passado, o plen\u00e1rio do Supremo decidiu a favor dos ind\u00edgenas e considerou o marco inconstitucional.<\/p>\n<p>Pela tese do marco temporal, os ind\u00edgenas somente t\u00eam direito \u00e0s terras que estavam em sua posse no dia 5 de outubro de 1988, data da promulga\u00e7\u00e3o da Constitui\u00e7\u00e3o Federal, ou que estavam em disputa judicial na \u00e9poca.<\/p>\n<p>Ap\u00f3s a Apib deixar a concilia\u00e7\u00e3o, Mendes decidiu manter os debates mesmo sem a presen\u00e7a dos ind\u00edgenas. Segundo o ministro, \u00a0&#8220;nenhuma parte envolvida na discuss\u00e3o pode paralisar o andamento dos trabalhos&#8221;.<\/p>\n<p>A pr\u00f3xima reuni\u00e3o est\u00e1 marcada para 2 de outubro.<\/p>\n<h2>Concilia\u00e7\u00e3o<\/h2>\n<p>A audi\u00eancia foi convocada pelo ministro Gilmar Mendes, relator das a\u00e7\u00f5es protocoladas pelos partidos PL, PP e Republicanos para manter a validade do projeto de lei que reconheceu o marco e de processos nos quais entidades que representam os ind\u00edgenas e legistas governistas contestam a constitucionalidade da tese.<\/p>\n<p>Al\u00e9m de levar o caso para concilia\u00e7\u00e3o, Mendes negou pedido de entidades para suspender a delibera\u00e7\u00e3o do Congresso que validou o marco, decis\u00e3o que desagradou aos ind\u00edgenas. As reuni\u00f5es est\u00e3o previstas para at\u00e9 18 de dezembro deste ano.<\/p>\n<p>Na pr\u00e1tica, a realiza\u00e7\u00e3o da audi\u00eancia impede a nova decis\u00e3o da Corte sobre a quest\u00e3o e permite que o Congresso ganhe tempo para aprovar uma proposta de emenda \u00e0 Constitui\u00e7\u00e3o (PEC) para confirmar a tese do marco na Carta Magna.<\/p>\n<p>Em dezembro do ano passado, o Congresso Nacional derrubou o veto do presidente Luiz In\u00e1cio Lula da Silva ao projeto de lei que validou o marco. Em setembro, antes da decis\u00e3o dos parlamentares, o Supremo decidiu contra o marco. A decis\u00e3o da Corte foi levada em conta pela equipe jur\u00eddica do Pal\u00e1cio do Planalto para justificar o veto presidencial.<\/p>\n<\/div>\n<\/div>\n","protected":false},"excerpt":{"rendered":"<div class=\"mh-excerpt\"><p>Entidade saiu por entender que direitos dos ind\u00edgenas s\u00e3o inegoci\u00e1veis.<\/p>\n<\/div>","protected":false},"author":1,"featured_media":38153,"comment_status":"open","ping_status":"closed","sticky":false,"template":"","format":"standard","meta":{"footnotes":""},"categories":[9],"tags":[3174,4682,7625,297],"class_list":["post-38152","post","type-post","status-publish","format-standard","has-post-thumbnail","hentry","category-politica","tag-conciliacao","tag-indigenas","tag-marco-temporal","tag-stf"],"_links":{"self":[{"href":"https:\/\/folhaderondonianews.com\/news\/wp-json\/wp\/v2\/posts\/38152","targetHints":{"allow":["GET"]}}],"collection":[{"href":"https:\/\/folhaderondonianews.com\/news\/wp-json\/wp\/v2\/posts"}],"about":[{"href":"https:\/\/folhaderondonianews.com\/news\/wp-json\/wp\/v2\/types\/post"}],"author":[{"embeddable":true,"href":"https:\/\/folhaderondonianews.com\/news\/wp-json\/wp\/v2\/users\/1"}],"replies":[{"embeddable":true,"href":"https:\/\/folhaderondonianews.com\/news\/wp-json\/wp\/v2\/comments?post=38152"}],"version-history":[{"count":0,"href":"https:\/\/folhaderondonianews.com\/news\/wp-json\/wp\/v2\/posts\/38152\/revisions"}],"wp:featuredmedia":[{"embeddable":true,"href":"https:\/\/folhaderondonianews.com\/news\/wp-json\/wp\/v2\/media\/38153"}],"wp:attachment":[{"href":"https:\/\/folhaderondonianews.com\/news\/wp-json\/wp\/v2\/media?parent=38152"}],"wp:term":[{"taxonomy":"category","embeddable":true,"href":"https:\/\/folhaderondonianews.com\/news\/wp-json\/wp\/v2\/categories?post=38152"},{"taxonomy":"post_tag","embeddable":true,"href":"https:\/\/folhaderondonianews.com\/news\/wp-json\/wp\/v2\/tags?post=38152"}],"curies":[{"name":"wp","href":"https:\/\/api.w.org\/{rel}","templated":true}]}}