{"id":38185,"date":"2024-09-27T08:51:01","date_gmt":"2024-09-27T12:51:01","guid":{"rendered":"https:\/\/folhaderondonianews.com\/news\/?p=38185"},"modified":"2024-09-27T08:51:01","modified_gmt":"2024-09-27T12:51:01","slug":"insuportavel-peru-lanca-ofensiva-contra-onda-de-ataques-em-lima","status":"publish","type":"post","link":"https:\/\/folhaderondonianews.com\/news\/2024\/09\/27\/insuportavel-peru-lanca-ofensiva-contra-onda-de-ataques-em-lima\/","title":{"rendered":"Insuport\u00e1vel: Peru lan\u00e7a ofensiva contra onda de ataques em Lima"},"content":{"rendered":"<div class=\"header-noticia full-width\">\n<h4 class=\"linha-fina-noticia\">Decretado estado de emerg\u00eancia em 12 bairros da capital peruana.<\/h4>\n<\/div>\n<div class=\"subheader\">\n<div class=\"container-autoria\"><span><strong>Peru21<\/strong> &#8211; O Ministro do Interior, <\/span><a href=\"https:\/\/peru21.pe\/noticias\/juan-jose-santivanez\"><strong><span>Juan Jos\u00e9 Santiv\u00e1\u00f1ez<\/span><\/strong><\/a><span>\u00a0, anunciou que, no \u00e2mbito do estado de emerg\u00eancia decretado pelo Executivo, ser\u00e1 decretado um recolher obrigat\u00f3rio. Nesse sentido, anunciou que alguns direitos ficar\u00e3o suspensos enquanto durar a medida, que ser\u00e1 publicada esta sexta-feira.\u00a0<\/span><\/div>\n<div>\n<p><span>\u201cMuito provavelmente sim e depender\u00e1 das \u00faltimas avalia\u00e7\u00f5es que fizermos hoje\u201d, assegurou.<\/span><\/p>\n<p><span>Santiv\u00e1\u00f1ez anunciou a incorpora\u00e7\u00e3o dos bairros de Rimac e Santa Rosa \u00e0 lista dos 12 bairros da Regi\u00e3o Metropolitana de Lima e Callao onde o Executivo declarou estado de emerg\u00eancia. Nesse sentido, destacou que esta medida ser\u00e1 diferente dos estados de emerg\u00eancia que foram implementados anteriormente.\u00a0<\/span><\/p>\n<p><span>O ministro destacou que as For\u00e7as Armadas ter\u00e3o uma participa\u00e7\u00e3o activa e haver\u00e1 \u201cmaior interven\u00e7\u00e3o\u201d.<\/span><\/p>\n<p><span>\u201cA intelig\u00eancia recebeu ordens de come\u00e7ar a identificar os edif\u00edcios, as casas onde [os criminosos] passam a noite\u201d, disse ele.<\/span><\/p>\n<p><span>O chefe da Administra\u00e7\u00e3o Interna congratulou-se com o facto de o Minist\u00e9rio P\u00fablico ter implementado a forma\u00e7\u00e3o de quatro procuradorias especializadas. Nesse sentido, destacou que come\u00e7ar\u00e3o a \u201ctrabalhar de m\u00e3os dadas\u201d.<\/span><\/p>\n<p><span>Por outro lado, Santiv\u00e1\u00f1ez destacou a cria\u00e7\u00e3o do Grupo Operacional de Resposta Imediata \u00e0 Extors\u00e3o (Gorex). Al\u00e9m disso, pediu que n\u00e3o haja \u201crecrimina\u00e7\u00e3o social\u201d caso os agentes policiais utilizem as suas armas de fogo ou invadam casas durante o Estado de Emerg\u00eancia. Nesse sentido, garantiu que os policiais foram denunciados pelo Minist\u00e9rio P\u00fablico por suposto abuso f\u00edsico do criminoso &#8216;Cutter Fingers&#8217;.<\/span><\/p>\n<p><span>\u201cEspero que quando os nossos pol\u00edcias usarem as suas armas de fogo (\u2026), ent\u00e3o n\u00e3o tenhamos censura social como j\u00e1 aconteceu noutras ocasi\u00f5es. (\u2026) N\u00e3o h\u00e1 outro caminho\u201d, indicou o respons\u00e1vel do Minist\u00e9rio.<\/span><\/p>\n<\/div>\n<\/div>\n","protected":false},"excerpt":{"rendered":"<div class=\"mh-excerpt\"><p>Decretado estado de emerg\u00eancia em 12 bairros da capital peruana.<\/p>\n<\/div>","protected":false},"author":1,"featured_media":38186,"comment_status":"open","ping_status":"closed","sticky":false,"template":"","format":"standard","meta":{"footnotes":""},"categories":[3],"tags":[138,8008,7464,8009,230,2748,8010,1023],"class_list":["post-38185","post","type-post","status-publish","format-standard","has-post-thumbnail","hentry","category-cotidiano","tag-combate","tag-crime-organizado","tag-estado-de-emergencia","tag-juan-jose-santivanez","tag-lima","tag-peru","tag-stado-de-emergencia","tag-violencia"],"_links":{"self":[{"href":"https:\/\/folhaderondonianews.com\/news\/wp-json\/wp\/v2\/posts\/38185","targetHints":{"allow":["GET"]}}],"collection":[{"href":"https:\/\/folhaderondonianews.com\/news\/wp-json\/wp\/v2\/posts"}],"about":[{"href":"https:\/\/folhaderondonianews.com\/news\/wp-json\/wp\/v2\/types\/post"}],"author":[{"embeddable":true,"href":"https:\/\/folhaderondonianews.com\/news\/wp-json\/wp\/v2\/users\/1"}],"replies":[{"embeddable":true,"href":"https:\/\/folhaderondonianews.com\/news\/wp-json\/wp\/v2\/comments?post=38185"}],"version-history":[{"count":0,"href":"https:\/\/folhaderondonianews.com\/news\/wp-json\/wp\/v2\/posts\/38185\/revisions"}],"wp:featuredmedia":[{"embeddable":true,"href":"https:\/\/folhaderondonianews.com\/news\/wp-json\/wp\/v2\/media\/38186"}],"wp:attachment":[{"href":"https:\/\/folhaderondonianews.com\/news\/wp-json\/wp\/v2\/media?parent=38185"}],"wp:term":[{"taxonomy":"category","embeddable":true,"href":"https:\/\/folhaderondonianews.com\/news\/wp-json\/wp\/v2\/categories?post=38185"},{"taxonomy":"post_tag","embeddable":true,"href":"https:\/\/folhaderondonianews.com\/news\/wp-json\/wp\/v2\/tags?post=38185"}],"curies":[{"name":"wp","href":"https:\/\/api.w.org\/{rel}","templated":true}]}}