{"id":38472,"date":"2024-11-23T08:23:21","date_gmt":"2024-11-23T12:23:21","guid":{"rendered":"https:\/\/folhaderondonianews.com\/news\/?p=38472"},"modified":"2024-11-27T08:37:27","modified_gmt":"2024-11-27T12:37:27","slug":"claudia-de-jesus-lidera-regularizacao-fundiaria-historia-em-ji-parana","status":"publish","type":"post","link":"https:\/\/folhaderondonianews.com\/news\/2024\/11\/23\/claudia-de-jesus-lidera-regularizacao-fundiaria-historia-em-ji-parana\/","title":{"rendered":"Cl\u00e1udia de Jesus lidera regulariza\u00e7\u00e3o fundi\u00e1ria hist\u00f3ria em Ji-Paran\u00e1"},"content":{"rendered":"<h4>H\u00e1 mais de 40 anos, moradores do setor chacareiro no entorno do Aeroporto de Ji-Paran\u00e1, aguardam legaliza\u00e7\u00e3o de suas terras.<\/h4>\n<div>O\u00a0<a href=\"https:\/\/www.deputadaclaudiadejesus.com.br\/search?q=Minist%C3%A9rio%20do%20Desenvolvimento%20Agr%C3%A1rio%20e%20Agricultura%20Familiar%20(MDA)\" target=\"_blank\" rel=\"noopener\">Minist\u00e9rio do Desenvolvimento Agr\u00e1rio e Agricultura Familiar (MDA)<\/a>, com o\u00a0<a href=\"https:\/\/www.deputadaclaudiadejesus.com.br\/search?q=Instituto%20Nacional%20de%20Coloniza%C3%A7%C3%A3o%20e%20Reforma%20Agr%C3%A1ria%20(Incra)\" target=\"_blank\" rel=\"noopener\">Instituto Nacional de Coloniza\u00e7\u00e3o e Reforma Agr\u00e1ria (Incra)<\/a>, a\u00a0<a href=\"https:\/\/www.deputadaclaudiadejesus.com.br\/search?q=Secretaria%20de%20Estado%20de%20Patrim%C3%B4nio%20e%20Regulariza%C3%A7%C3%A3o%20Fundi%C3%A1ria%20(Sepat)\" target=\"_blank\" rel=\"noopener\">Secretaria de Estado de Patrim\u00f4nio e Regulariza\u00e7\u00e3o Fundi\u00e1ria (Sepat)<\/a>\u00a0junto com\u00a0<a href=\"https:\/\/www.deputadaclaudiadejesus.com.br\/search?q=Superintend%C3%AAncia%20do%20Patrim%C3%B4nio%20da%20Uni%C3%A3o%20em%20Rond%C3%B4nia%20(SPU)\" target=\"_blank\" rel=\"noopener\">Superintend\u00eancia do Patrim\u00f4nio da Uni\u00e3o em Rond\u00f4nia (SPU)<\/a>, assinaram a ordem de servi\u00e7o da etapa de georreferenciamento do lotes individualizados para regulariza\u00e7\u00e3o da \u00e1rea do Setor Chacareiro, localizado no entorno do\u00a0<a href=\"https:\/\/www.deputadaclaudiadejesus.com.br\/search?q=Aeroporto%20de%20Ji-Paran%C3%A1\" target=\"_blank\" rel=\"noopener\">Aeroporto de Ji-Paran\u00e1<\/a>.<\/div>\n<div><\/div>\n<div>Uma a\u00e7\u00e3o defendida pela deputada estadual\u00a0<a href=\"https:\/\/www.deputadaclaudiadejesus.com.br\/\" target=\"_blank\" rel=\"noopener\">Cl\u00e1udia de Jesus (PT)<\/a>, desde quando ela foi vereadora. O evento aconteceu na manh\u00e3 deste s\u00e1bado (23), na Comunidade S\u00e3o Domingos S\u00e1vio.<\/div>\n<blockquote>\n<div><b>&#8220;<i>O nosso mandato junto com o senador Conf\u00facio Moura e o nosso presidente Lula nos ajudou em toda a articula\u00e7\u00e3o para que essas fam\u00edlias recebam o t\u00edtulo definitivo de suas terras no primeiro semestre do ano que vem. Quero fazer um agradecimento a equipe do governo Marcos Rocha, toda equipe do Incra e demais institui\u00e7\u00f5es p\u00fablicas envolvidas&#8221;<\/i><\/b>, comentou a deputada.<\/div>\n<\/blockquote>\n<div><\/div>\n<div>\n<table class=\"tr-caption-container\" cellspacing=\"0\" cellpadding=\"0\" align=\"center\">\n<tbody>\n<tr>\n<td><a href=\"https:\/\/blogger.googleusercontent.com\/img\/b\/R29vZ2xl\/AVvXsEhrNcC_xjtjIi3iIxYiUuSqXsY8LTWknzGEJDAF3w1GNA2nf5-hQkdiK3d-I98Be_0rMMuWEtxVPaS9OGOHMmGeQMnumLnWNgTi72AsFZ6TDjCNKpPled_laeyySn0itNU3wvZS10mETJs4z4SdzhovzDrxBigcfUQn-KsdgeBE4CXBLNe88C6DScbZqgs\/s3840\/Jipa%20(2).jpeg\"><img decoding=\"async\" data-src=\"https:\/\/blogger.googleusercontent.com\/img\/b\/R29vZ2xl\/AVvXsEhrNcC_xjtjIi3iIxYiUuSqXsY8LTWknzGEJDAF3w1GNA2nf5-hQkdiK3d-I98Be_0rMMuWEtxVPaS9OGOHMmGeQMnumLnWNgTi72AsFZ6TDjCNKpPled_laeyySn0itNU3wvZS10mETJs4z4SdzhovzDrxBigcfUQn-KsdgeBE4CXBLNe88C6DScbZqgs\/s16000\/Jipa%20(2).jpeg\" border=\"0\" data-original-height=\"2160\" data-original-width=\"3840\" src=\"data:image\/svg+xml;base64,PHN2ZyB3aWR0aD0iMSIgaGVpZ2h0PSIxIiB4bWxucz0iaHR0cDovL3d3dy53My5vcmcvMjAwMC9zdmciPjwvc3ZnPg==\" class=\"lazyload\" \/><\/a><\/td>\n<\/tr>\n<tr>\n<td class=\"tr-caption\">\n<h6>Representantes da Uni\u00e3o assinaram ordem de servi\u00e7o do georreferenciamento. (Foto: Alois Andrade &#8211; Assessoria parlamentar.<\/h6>\n<\/td>\n<\/tr>\n<\/tbody>\n<\/table>\n<\/div>\n<div>Cl\u00e1udia de Jesus lidera regulariza\u00e7\u00e3o fundi\u00e1ria hist\u00f3ria em Ji-Paran\u00e1<\/div>\n<div>\n<blockquote class=\"instagram-media\" style=\"background: #FFF; border: 0; border-radius: 3px; box-shadow: 0 0 1px 0 rgba(0,0,0,0.5),0 1px 10px 0 rgba(0,0,0,0.15); margin: 1px; max-width: 540px; min-width: 326px; padding: 0; width: calc(100% - 2px);\" data-instgrm-captioned=\"\" data-instgrm-permalink=\"https:\/\/www.instagram.com\/reel\/DCuVBYBvf6N\/?utm_source=ig_embed&amp;utm_campaign=loading\" data-instgrm-version=\"14\">\n<div style=\"padding: 16px;\">\n<p>&nbsp;<\/p>\n<div style=\"display: flex; flex-direction: row; align-items: center;\">\n<div style=\"background-color: #f4f4f4; border-radius: 50%; flex-grow: 0; height: 40px; margin-right: 14px; width: 40px;\"><\/div>\n<div style=\"display: flex; flex-direction: column; flex-grow: 1; justify-content: center;\">\n<div style=\"background-color: #f4f4f4; border-radius: 4px; flex-grow: 0; height: 14px; margin-bottom: 6px; width: 100px;\"><\/div>\n<div style=\"background-color: #f4f4f4; border-radius: 4px; flex-grow: 0; height: 14px; width: 60px;\"><\/div>\n<\/div>\n<\/div>\n<div style=\"padding: 19% 0;\"><\/div>\n<div style=\"display: block; height: 50px; margin: 0 auto 12px; width: 50px;\"><\/div>\n<div style=\"padding-top: 8px;\">\n<div style=\"color: #3897f0; font-family: Arial,sans-serif; font-size: 14px; font-style: normal; font-weight: 550; line-height: 18px;\">Ver essa foto no Instagram<\/div>\n<\/div>\n<div style=\"padding: 12.5% 0;\"><\/div>\n<div style=\"display: flex; flex-direction: row; margin-bottom: 14px; align-items: center;\">\n<div>\n<div style=\"background-color: #f4f4f4; border-radius: 50%; height: 12.5px; width: 12.5px; transform: translateX(0px) translateY(7px);\"><\/div>\n<div style=\"background-color: #f4f4f4; height: 12.5px; transform: rotate(-45deg) translateX(3px) translateY(1px); width: 12.5px; flex-grow: 0; margin-right: 14px; margin-left: 2px;\"><\/div>\n<div style=\"background-color: #f4f4f4; border-radius: 50%; height: 12.5px; width: 12.5px; transform: translateX(9px) translateY(-18px);\"><\/div>\n<\/div>\n<div style=\"margin-left: 8px;\">\n<div style=\"background-color: #f4f4f4; border-radius: 50%; flex-grow: 0; height: 20px; width: 20px;\"><\/div>\n<div style=\"width: 0; height: 0; border-top: 2px solid transparent; border-left: 6px solid #f4f4f4; border-bottom: 2px solid transparent; transform: translateX(16px) translateY(-4px) rotate(30deg);\"><\/div>\n<\/div>\n<div style=\"margin-left: auto;\">\n<div style=\"width: 0px; border-top: 8px solid #F4F4F4; border-right: 8px solid transparent; transform: translateY(16px);\"><\/div>\n<div style=\"background-color: #f4f4f4; flex-grow: 0; height: 12px; width: 16px; transform: translateY(-4px);\"><\/div>\n<div style=\"width: 0; height: 0; border-top: 8px solid #F4F4F4; border-left: 8px solid transparent; transform: translateY(-4px) translateX(8px);\"><\/div>\n<\/div>\n<\/div>\n<div style=\"display: flex; flex-direction: column; flex-grow: 1; justify-content: center; margin-bottom: 24px;\">\n<div style=\"background-color: #f4f4f4; border-radius: 4px; flex-grow: 0; height: 14px; margin-bottom: 6px; width: 224px;\"><\/div>\n<div style=\"background-color: #f4f4f4; border-radius: 4px; flex-grow: 0; height: 14px; width: 144px;\"><\/div>\n<\/div>\n<p>&nbsp;<\/p>\n<p style=\"color: #c9c8cd; font-family: Arial,sans-serif; font-size: 14px; line-height: 17px; margin-bottom: 0; margin-top: 8px; overflow: hidden; padding: 8px 0 7px; text-align: center; text-overflow: ellipsis; white-space: nowrap;\"><a style=\"color: #c9c8cd; font-family: Arial,sans-serif; font-size: 14px; font-style: normal; font-weight: normal; line-height: 17px; text-decoration: none;\" href=\"https:\/\/www.instagram.com\/reel\/DCuVBYBvf6N\/?utm_source=ig_embed&amp;utm_campaign=loading\" target=\"_blank\" rel=\"noopener\">Uma publica\u00e7\u00e3o compartilhada por Cl\u00e1udia Regina Abreu (@deputadaclaudiadejesus)<\/a><\/p>\n<\/div>\n<\/blockquote>\n<p><script async src=\"\/\/www.instagram.com\/embed.js\"><\/script><\/p>\n<\/div>\n<div><b>Sobre o caso<br \/>\n<\/b><br \/>\nH\u00e1 mais de 40 anos, os 450 moradores do setor chacareiro sonham com a documenta\u00e7\u00e3o legal de seus loteamentos. Agora a \u00e1rea excedente do aeroporto de Ji-Paran\u00e1 de responsabilidade da Secretaria de Avia\u00e7\u00e3o Civil foi transferida para a Secretaria de Patrim\u00f4nio da Uni\u00e3o (SPU), para que o Instituto Nacional de Coloniza\u00e7\u00e3o e Reforma Agr\u00e1ria (Incra), d\u00ea in\u00edcio ao processo de georreferenciamento e titula\u00e7\u00e3o.As terras que fazem parte do imbr\u00f3glio jur\u00eddico s\u00e3o ocupadas por trabalhadores rurais, agricultores familiares, funcion\u00e1rios p\u00fablicos, aut\u00f4nomos e pessoas em vulnerabilidade social. Com a posse dos lotes, os propriet\u00e1rios ter\u00e3o seus direitos reconhecidos e acesso aos programas sociais dos governos municipal, estadual, federal e cr\u00e9dito banc\u00e1rio.<\/p>\n<blockquote><p><b>&#8220;<i>Esses t\u00edtulos (de terra) v\u00e3o dar dignidade para essas fam\u00edlias terem como investir nas suas propriedades, conseguir um cr\u00e9dito banc\u00e1rio e produzir mais alimentos saud\u00e1veis. S\u00e3o pessoas que precisam da legaliza\u00e7\u00e3o das suas terras. O objetivo do nosso mandato \u00e9 solucionar esse problema. Por isso, estamos juntos com esses trabalhadores&#8221;<\/i><\/b>, afirmou a deputada.<\/p><\/blockquote>\n<div><\/div>\n<div>O evento foi prestigiado pelo deputado estadual Affonso C\u00e2ndido, prefeito eleito de Ji-Paran\u00e1. Participaram tamb\u00e9m Jo\u00e3o Pedro, Diretor de Governan\u00e7a Fundi\u00e1ria do Incra; Jessica Italoema da Silva Moura que \u00e9 representante da Secretaria de Rela\u00e7\u00f5es Institucionais do governo federal; Lu\u00eds Fl\u00e1vio Carvalho Ribeiro, Superintendente do Incra no estado; Jo\u00e3o Batista Nogueira Superintendente da SPU no estado; \u00c2ngela Ferreira da Silva,\u00a0Superintend\u00eancia Estadual de Patrim\u00f4nio, respons\u00e1vel pelo\u00a0georreferenciamento;\u00a0Hilton de Paula Cordeiro, chefe da unidade do Incra de Ji-Paran\u00e1. Acompanharam o evento, representantes do gabinete do senador Conf\u00facio Moura, lideran\u00e7as locais e moradores.<\/div>\n<div>\n<div><\/div>\n<\/div>\n<p>Por Francisco Costa &#8211; Assessoria parlamentar.<br \/>\nFotos: Alois Andrade e Francisco Sobrinho.<\/p>\n<\/div>\n<div><\/div>\n<div><b><a href=\"https:\/\/photos.app.goo.gl\/7zhVwwq3vpbdniEV9\">VEJA AQUI MAIS FOTOS.<\/a><\/b><\/div>\n<div><\/div>\n<div><b><a href=\"https:\/\/www.deputadaclaudiadejesus.com.br\/search?q=aeroporto%20de%20ji-paran%C3%A1\">LEIA MAIS SOBRE O ASSUNTO<\/a>.<\/b><\/div>\n<div><b>\u00a0<\/b><\/div>\n<div><b>\u00a0<\/b><\/div>\n<div>\n<table class=\"tr-caption-container\" cellspacing=\"0\" cellpadding=\"0\" align=\"center\">\n<tbody>\n<tr>\n<td><a href=\"https:\/\/blogger.googleusercontent.com\/img\/b\/R29vZ2xl\/AVvXsEjcMINy5B9PvvP1ggczAFk4fc0jOUaVYxtyHpiFLU-kN0q-iTHXhA1v3DkL20HFYAYDZua7r5otD8vNMsf68Z1_K5Pe3lDiNWit152OeTuqiJIN6YfW-p0HGvxQirinbfhaEM3A8o03sw_fVJ_SJeqZzqDf7GQl5hIRQmg9xx0wHGZgc1YwOE6LgH68CeI\/s4160\/Jipa%20(7).jpeg\"><img decoding=\"async\" data-src=\"https:\/\/blogger.googleusercontent.com\/img\/b\/R29vZ2xl\/AVvXsEjcMINy5B9PvvP1ggczAFk4fc0jOUaVYxtyHpiFLU-kN0q-iTHXhA1v3DkL20HFYAYDZua7r5otD8vNMsf68Z1_K5Pe3lDiNWit152OeTuqiJIN6YfW-p0HGvxQirinbfhaEM3A8o03sw_fVJ_SJeqZzqDf7GQl5hIRQmg9xx0wHGZgc1YwOE6LgH68CeI\/s16000\/Jipa%20(7).jpeg\" border=\"0\" data-original-height=\"1457\" data-original-width=\"4160\" src=\"data:image\/svg+xml;base64,PHN2ZyB3aWR0aD0iMSIgaGVpZ2h0PSIxIiB4bWxucz0iaHR0cDovL3d3dy53My5vcmcvMjAwMC9zdmciPjwvc3ZnPg==\" class=\"lazyload\" \/><\/a><\/td>\n<\/tr>\n<tr>\n<td class=\"tr-caption\">\n<h6>Grande presen\u00e7a dos moradores do setor chacareiro de Ji-Paran\u00e1 (Foto: Alois Andrade &#8211; Assessoria parlamentar)<\/h6>\n<\/td>\n<\/tr>\n<\/tbody>\n<\/table>\n<\/div>\n","protected":false},"excerpt":{"rendered":"<div class=\"mh-excerpt\"><p>H\u00e1 mais de 40 anos, moradores do setor chacareiro no entorno do Aeroporto de Ji-Paran\u00e1, aguardam legaliza\u00e7\u00e3o de suas terras.<\/p>\n<\/div>","protected":false},"author":1,"featured_media":38474,"comment_status":"open","ping_status":"closed","sticky":false,"template":"","format":"standard","meta":{"footnotes":""},"categories":[9],"tags":[529,8065,1402,99],"class_list":["post-38472","post","type-post","status-publish","format-standard","has-post-thumbnail","hentry","category-politica","tag-aeroporto","tag-chacareiros","tag-claudia-de-jesus","tag-ji-parana"],"_links":{"self":[{"href":"https:\/\/folhaderondonianews.com\/news\/wp-json\/wp\/v2\/posts\/38472","targetHints":{"allow":["GET"]}}],"collection":[{"href":"https:\/\/folhaderondonianews.com\/news\/wp-json\/wp\/v2\/posts"}],"about":[{"href":"https:\/\/folhaderondonianews.com\/news\/wp-json\/wp\/v2\/types\/post"}],"author":[{"embeddable":true,"href":"https:\/\/folhaderondonianews.com\/news\/wp-json\/wp\/v2\/users\/1"}],"replies":[{"embeddable":true,"href":"https:\/\/folhaderondonianews.com\/news\/wp-json\/wp\/v2\/comments?post=38472"}],"version-history":[{"count":2,"href":"https:\/\/folhaderondonianews.com\/news\/wp-json\/wp\/v2\/posts\/38472\/revisions"}],"predecessor-version":[{"id":38475,"href":"https:\/\/folhaderondonianews.com\/news\/wp-json\/wp\/v2\/posts\/38472\/revisions\/38475"}],"wp:featuredmedia":[{"embeddable":true,"href":"https:\/\/folhaderondonianews.com\/news\/wp-json\/wp\/v2\/media\/38474"}],"wp:attachment":[{"href":"https:\/\/folhaderondonianews.com\/news\/wp-json\/wp\/v2\/media?parent=38472"}],"wp:term":[{"taxonomy":"category","embeddable":true,"href":"https:\/\/folhaderondonianews.com\/news\/wp-json\/wp\/v2\/categories?post=38472"},{"taxonomy":"post_tag","embeddable":true,"href":"https:\/\/folhaderondonianews.com\/news\/wp-json\/wp\/v2\/tags?post=38472"}],"curies":[{"name":"wp","href":"https:\/\/api.w.org\/{rel}","templated":true}]}}