{"id":38514,"date":"2024-12-09T11:30:45","date_gmt":"2024-12-09T15:30:45","guid":{"rendered":"https:\/\/folhaderondonianews.com\/news\/?p=38514"},"modified":"2024-12-09T11:32:00","modified_gmt":"2024-12-09T15:32:00","slug":"moratoria-da-soja-marcos-rogerio-pede-o-fim-de-restricoes-ao-agro","status":"publish","type":"post","link":"https:\/\/folhaderondonianews.com\/news\/2024\/12\/09\/moratoria-da-soja-marcos-rogerio-pede-o-fim-de-restricoes-ao-agro\/","title":{"rendered":"Morat\u00f3ria da Soja: Marcos Rog\u00e9rio pede o fim de restri\u00e7\u00f5es ao agro"},"content":{"rendered":"<h4>Segundo Marcos, a\u00a0morat\u00f3ria da soja pune, indevidamente, aqueles que seguem a lei, enquanto suas colheitas s\u00e3o boicotadas em nome de interesses externos.<\/h4>\n<p><strong><span style=\"color: #ff0000;\">Ludmila Lucas<\/span><\/strong> &#8211; Na \u00faltima semana, o senador Marcos Rog\u00e9rio (PL-RO) apresentou \u00e0 Comiss\u00e3o de Agricultura e Reforma Agr\u00e1ria (CRA) um requerimento solicitando a participa\u00e7\u00e3o do Senado em processo instaurado recentemente pelo CADE para investigar a morat\u00f3ria da soja e seus impactos negativos no setor agropecu\u00e1rio brasileiro. O objetivo \u00e9 apurar poss\u00edveis infra\u00e7\u00f5es \u00e0 Lei de Concorr\u00eancia, que estariam prejudicando agricultores de estados da Amaz\u00f4nia Legal, como Rond\u00f4nia, Mato Grosso e Acre, ao impor restri\u00e7\u00f5es injustas \u00e0 comercializa\u00e7\u00e3o de sua produ\u00e7\u00e3o.<\/p>\n<p>\u201cA morat\u00f3ria da soja pune, indevidamente, aqueles que seguem a lei, enquanto suas colheitas s\u00e3o boicotadas em nome de interesses externos. N\u00e3o podemos permitir que produtores de soja sejam prejudicados por acordos que sabotam a competitividade e o desenvolvimento do nosso agroneg\u00f3cio\u201d, afirmou o senador.<\/p>\n<p>Desde sua implementa\u00e7\u00e3o em 2006, a morat\u00f3ria tem sido renovada anualmente, restringindo a comercializa\u00e7\u00e3o de soja cultivada em \u00e1reas legalmente desmatadas na Amaz\u00f4nia. Segundo Marcos Rog\u00e9rio, a morat\u00f3ria fazia sentido quando n\u00e3o existia uma legisla\u00e7\u00e3o ambiental. \u201cContudo, com a aprova\u00e7\u00e3o do C\u00f3digo Florestal em 2012, onde agricultores do bioma amaz\u00f4nico j\u00e1 s\u00e3o obrigados a preservar 80% de suas \u00e1reas em reserva legal, a morat\u00f3ria perdeu seu nexo. O impacto tem sido devastador para os agricultores que cumprem todas as exig\u00eancias legais, pois a soja \u00e9 uma commotidy consolidada, vers\u00e1til e de alto valor agregado.\u201d, explicou Marcos Rog\u00e9rio.<\/p>\n<p>Marcos Rog\u00e9rio refor\u00e7a que o fim da morat\u00f3ria \u00e9 uma quest\u00e3o fundamental para o desenvolvimento dos munic\u00edpios, pois representa uma das maiores fontes de receita e gera\u00e7\u00e3o de emprego para o Brasil. O senador tamb\u00e9m enfatiza que, caso a morat\u00f3ria continue, os efeitos de boicotes internacionais \u00e0 soja brasileira podem comprometer a soberania do pa\u00eds.<\/p>\n<p>\u201cO que estamos defendendo \u00e9 que as pr\u00e1ticas de boicote, que s\u00f3 beneficiam interesses externos, sejam investigadas e que a competitividade do nosso agro seja preservada\u201d, concluiu.<\/p>\n","protected":false},"excerpt":{"rendered":"<div class=\"mh-excerpt\"><p>Segundo Marcos, a\u00a0morat\u00f3ria da soja pune aqueles que seguem a lei, enquanto suas colheitas s\u00e3o boicotadas em nome de interesses externos.\u00a0<\/p>\n<\/div>","protected":false},"author":1,"featured_media":38515,"comment_status":"open","ping_status":"closed","sticky":false,"template":"","format":"standard","meta":{"footnotes":""},"categories":[9],"tags":[1054,8076],"class_list":["post-38514","post","type-post","status-publish","format-standard","has-post-thumbnail","hentry","category-politica","tag-marcos-rogerio","tag-moratoria-da-soja"],"_links":{"self":[{"href":"https:\/\/folhaderondonianews.com\/news\/wp-json\/wp\/v2\/posts\/38514","targetHints":{"allow":["GET"]}}],"collection":[{"href":"https:\/\/folhaderondonianews.com\/news\/wp-json\/wp\/v2\/posts"}],"about":[{"href":"https:\/\/folhaderondonianews.com\/news\/wp-json\/wp\/v2\/types\/post"}],"author":[{"embeddable":true,"href":"https:\/\/folhaderondonianews.com\/news\/wp-json\/wp\/v2\/users\/1"}],"replies":[{"embeddable":true,"href":"https:\/\/folhaderondonianews.com\/news\/wp-json\/wp\/v2\/comments?post=38514"}],"version-history":[{"count":2,"href":"https:\/\/folhaderondonianews.com\/news\/wp-json\/wp\/v2\/posts\/38514\/revisions"}],"predecessor-version":[{"id":38517,"href":"https:\/\/folhaderondonianews.com\/news\/wp-json\/wp\/v2\/posts\/38514\/revisions\/38517"}],"wp:featuredmedia":[{"embeddable":true,"href":"https:\/\/folhaderondonianews.com\/news\/wp-json\/wp\/v2\/media\/38515"}],"wp:attachment":[{"href":"https:\/\/folhaderondonianews.com\/news\/wp-json\/wp\/v2\/media?parent=38514"}],"wp:term":[{"taxonomy":"category","embeddable":true,"href":"https:\/\/folhaderondonianews.com\/news\/wp-json\/wp\/v2\/categories?post=38514"},{"taxonomy":"post_tag","embeddable":true,"href":"https:\/\/folhaderondonianews.com\/news\/wp-json\/wp\/v2\/tags?post=38514"}],"curies":[{"name":"wp","href":"https:\/\/api.w.org\/{rel}","templated":true}]}}