{"id":38526,"date":"2024-12-10T12:05:47","date_gmt":"2024-12-10T16:05:47","guid":{"rendered":"https:\/\/folhaderondonianews.com\/news\/?p=38526"},"modified":"2024-12-10T12:08:51","modified_gmt":"2024-12-10T16:08:51","slug":"morre-aos-57-anos-o-corintiano-e-jornalista-tadeu-itajuba","status":"publish","type":"post","link":"https:\/\/folhaderondonianews.com\/news\/2024\/12\/10\/morre-aos-57-anos-o-corintiano-e-jornalista-tadeu-itajuba\/","title":{"rendered":"Morre aos 57 anos o corintiano e jornalista Tadeu Itajub\u00e1"},"content":{"rendered":"<h4>Tadeu era um dos pioneiros do jornalismo eletr\u00f4nico em Rond\u00f4nia que, no in\u00edcio dos anos 2000, era apenas uma forma alternativa de comunica\u00e7\u00e3o.<img decoding=\"async\" class=\"alignnone size-full wp-image-38527 lazyload\" data-src=\"https:\/\/folhaderondonianews.com\/news\/wp-content\/uploads\/2024\/12\/tadeu-itajuba-corintiano.jpg\" alt=\"\" width=\"640\" height=\"360\" data-srcset=\"https:\/\/folhaderondonianews.com\/news\/wp-content\/uploads\/2024\/12\/tadeu-itajuba-corintiano.jpg 640w, https:\/\/folhaderondonianews.com\/news\/wp-content\/uploads\/2024\/12\/tadeu-itajuba-corintiano-300x169.jpg 300w\" data-sizes=\"(max-width: 640px) 100vw, 640px\" src=\"data:image\/svg+xml;base64,PHN2ZyB3aWR0aD0iMSIgaGVpZ2h0PSIxIiB4bWxucz0iaHR0cDovL3d3dy53My5vcmcvMjAwMC9zdmciPjwvc3ZnPg==\" style=\"--smush-placeholder-width: 640px; --smush-placeholder-aspect-ratio: 640\/360;\" \/><\/h4>\n<p>&nbsp;<\/p>\n<p><strong>Roberto Gutierrez<\/strong> &#8211; Morreu na manh\u00e3 de hoje, em Porto Velho, capital de Rond\u00f4nia, o jornalista Tadeu Augusto Itajub\u00e1. Ele tinha 57 anos de idade e foi v\u00edtima de uma parada cardiorrespirat\u00f3ria. Tadeu era dono do site O Combatente, que ao lado de sites como Rond\u00f4nia Agora e Tudo Rond\u00f4nia, \u00e9 um dos pioneiros do jornalismo eletr\u00f4nico.<\/p>\n<p>Ainda crian\u00e7a, na d\u00e9cada de 1970, a fam\u00edlia de Tadeu Itajub\u00e1 se mudava do Paran\u00e1 para o Territ\u00f3rio Federal de Rond\u00f4nia em busca de terras que estavam sendo distribu\u00eddas de gra\u00e7a pelo Incra. Foi no projeto Ouro Preto, o PICOP, hoje Ouro Preto do Oeste,\u00a0 que a fam\u00edlia fixou ra\u00edzes em Rond\u00f4nia.<\/p>\n<p>Frequentador ass\u00edduo do cinema do \u2018seo\u2019 Agenor, o cine Teatro Ouro Preto, Tadeu at\u00e9 que ensaiou alguma coisa de locutor para anunciar os filmes da \u00e9poca, mas, n\u00e3o deu muito certo &#8211; adolescente, tinha a voz muito fina. Extrovertido e muito comunicativo, acabou se mudado para Jaru.<\/p>\n<h4>Revela\u00e7\u00f5es<\/h4>\n<p>Na escola Pl\u00e1cido de Castro, em Jaru, quando conclu\u00eda o segundo grau em 1989, Tadeu chegou por tr\u00e1s de uma amiga e vedou os olhos dela com as m\u00e3os perguntando se a garota sabia quem era. Fl\u00e1vio Afonso teria dado a dica: &#8211; &#8216;\u00e9 o cabra mais chato da escola&#8217;. A adolescente rapidamente respondeu: &#8211; \u00e9 Tadeu Itajub\u00e1! Fl\u00e1vio Afonso, \u201cdono de A Not\u00edcia Mais\u201d, que na \u00e9poca era colega de sala do Tadeu, contou essa passagem com o amigo que era divertido.<\/p>\n<p><strong>Firmando-se na profiss\u00e3o<\/strong><\/p>\n<p>Em Jaru, Tadeu trabalhou na Tv Anary, de propriedade de Chico Ara\u00fajo (j\u00e1 falecido). Trabalho na comunica\u00e7\u00e3o das administra\u00e7\u00f5es dos ex-prefeitos Dr. Ruy Lu\u00eds Zimmer e Adem\u00e1rio Serafim de Andrade, o Dema. Depois dessas experi\u00eancias profissionais Tadeu se mudou para Porto Velho, a capital, na qual se tornou empreendedor da comunica\u00e7\u00e3o criando o site \u2018O Combatente\u2019. Atualmente era conselheiro municipal de sa\u00fade indicado pela Grande Loja Ma\u00e7\u00f4nica do Estado de Rond\u00f4nia (Glomaron),<\/p>\n<p>Ele passou por algumas assessorias parlamentares estaduais, inclusive, com passagem no Senado e na C\u00e2mara Federal.<\/p>\n<p>No in\u00edcio da d\u00e9cada de 1990, eu, <strong>Roberto Gutierrez<\/strong>, encontrei Tadeu em Jaru. Disse a ele: &#8211; \u201cCara, voc\u00ea sumiu de Ouro Preto\u201d! Ele respondeu dizendo que estava fazendo p\u00f3s-gradua\u00e7\u00e3o de doido (uma alus\u00e3o ao ditado popular: \u2018voc\u00ea \u00e9 doido ou veio de Jaru!!?). Rimos bastante e formos nos ver anos depois quando ele j\u00e1 estava em Porto Velho. Ali\u00e1s, t\u00ednhamos algo em comum: ambos torcedores fan\u00e1ticos pelo Corinthians. No mundial de 2012 fizemos uma festa!! &#8220;Que Deus receba meu amigo e que console a dor da fam\u00edlia&#8221;. (Roberto Gutierrez.)<\/p>\n","protected":false},"excerpt":{"rendered":"<div class=\"mh-excerpt\"><p>Tadeu era um dos pioneiros do jornalismo eletr\u00f4nico em Rond\u00f4nia que, no in\u00edcio dos anos 2000, era apenas uma forma alternativa de comunica\u00e7\u00e3o.<\/p>\n<\/div>","protected":false},"author":1,"featured_media":38528,"comment_status":"open","ping_status":"closed","sticky":false,"template":"","format":"standard","meta":{"footnotes":""},"categories":[5],"tags":[8078,416,42,8077],"class_list":["post-38526","post","type-post","status-publish","format-standard","has-post-thumbnail","hentry","category-brasil","tag-corintiano","tag-jornalista","tag-rondonia","tag-tadeu-itajuba"],"_links":{"self":[{"href":"https:\/\/folhaderondonianews.com\/news\/wp-json\/wp\/v2\/posts\/38526","targetHints":{"allow":["GET"]}}],"collection":[{"href":"https:\/\/folhaderondonianews.com\/news\/wp-json\/wp\/v2\/posts"}],"about":[{"href":"https:\/\/folhaderondonianews.com\/news\/wp-json\/wp\/v2\/types\/post"}],"author":[{"embeddable":true,"href":"https:\/\/folhaderondonianews.com\/news\/wp-json\/wp\/v2\/users\/1"}],"replies":[{"embeddable":true,"href":"https:\/\/folhaderondonianews.com\/news\/wp-json\/wp\/v2\/comments?post=38526"}],"version-history":[{"count":3,"href":"https:\/\/folhaderondonianews.com\/news\/wp-json\/wp\/v2\/posts\/38526\/revisions"}],"predecessor-version":[{"id":38531,"href":"https:\/\/folhaderondonianews.com\/news\/wp-json\/wp\/v2\/posts\/38526\/revisions\/38531"}],"wp:featuredmedia":[{"embeddable":true,"href":"https:\/\/folhaderondonianews.com\/news\/wp-json\/wp\/v2\/media\/38528"}],"wp:attachment":[{"href":"https:\/\/folhaderondonianews.com\/news\/wp-json\/wp\/v2\/media?parent=38526"}],"wp:term":[{"taxonomy":"category","embeddable":true,"href":"https:\/\/folhaderondonianews.com\/news\/wp-json\/wp\/v2\/categories?post=38526"},{"taxonomy":"post_tag","embeddable":true,"href":"https:\/\/folhaderondonianews.com\/news\/wp-json\/wp\/v2\/tags?post=38526"}],"curies":[{"name":"wp","href":"https:\/\/api.w.org\/{rel}","templated":true}]}}