{"id":38562,"date":"2024-12-18T11:35:36","date_gmt":"2024-12-18T15:35:36","guid":{"rendered":"https:\/\/folhaderondonianews.com\/news\/?p=38562"},"modified":"2024-12-18T11:37:42","modified_gmt":"2024-12-18T15:37:42","slug":"contemplada-casa-do-idoso-de-ouro-preto-com-r-100-mil","status":"publish","type":"post","link":"https:\/\/folhaderondonianews.com\/news\/2024\/12\/18\/contemplada-casa-do-idoso-de-ouro-preto-com-r-100-mil\/","title":{"rendered":"Contemplada Casa do Idoso de Ouro Preto com R$ 100 mil"},"content":{"rendered":"<h4>O recurso foi assegurado pela deputada federal S\u00edlvia Cristina e vai atender boa parte das despesas com os idosos.<\/h4>\n<p>A Casa de Acolhimento do Idoso, mantida pela Associa\u00e7\u00e3o de Promo\u00e7\u00e3o da Vida, Dignidade e Esperan\u00e7a do Anci\u00e3o (Promo-Vida), em Ouro Preto do Oeste, foi contemplada com R$ 100 mil, atrav\u00e9s de emenda da deputada federal S\u00edlvia Cristina.<\/p>\n<p>O recurso ser\u00e1 utilizado no custeio e manuten\u00e7\u00e3o da unidade de acolhimento, que faz um trabalho importante de amparo aos idosos. \u201c\u00c9 um compromisso de nosso mandato, apoiar as institui\u00e7\u00f5es de acolhimento e de apoio \u00e0s pessoas, especialmente quem est\u00e1 em situa\u00e7\u00e3o de vulnerabilidade social\u201d, disse a deputada.<\/p>\n<p>O prefeito de Ouro Preto do Oeste, Alex Testoni, esteve presente e a parlamentar aproveitou para agradecer pela celeridade que foi celebrado o conv\u00eanio com o munic\u00edpio, permitindo que a entidade fosse beneficiada.<\/p>\n<p>Tamb\u00e9m estavam presentes a secret\u00e1ria de Sa\u00fade Fran, o adjunto Fl\u00e1vio Farias, e os vereadores eleitos, Marquinho e Z\u00e9 Ferreira, al\u00e9m do vereador Robinho.<\/p>\n","protected":false},"excerpt":{"rendered":"<div class=\"mh-excerpt\"><p>O recurso foi assegurado pela deputada federal S\u00edlvia Cristina e vai atender boa parte das despesas com os idosos.<\/p>\n<\/div>","protected":false},"author":1,"featured_media":38563,"comment_status":"open","ping_status":"closed","sticky":false,"template":"","format":"standard","meta":{"footnotes":""},"categories":[9],"tags":[1359,8084,1820,1038,1401],"class_list":["post-38562","post","type-post","status-publish","format-standard","has-post-thumbnail","hentry","category-politica","tag-alex-testoni","tag-casa-do-idoso","tag-lar-do-idoso","tag-ouro-preto-do-oeste","tag-silvia-cristina"],"_links":{"self":[{"href":"https:\/\/folhaderondonianews.com\/news\/wp-json\/wp\/v2\/posts\/38562","targetHints":{"allow":["GET"]}}],"collection":[{"href":"https:\/\/folhaderondonianews.com\/news\/wp-json\/wp\/v2\/posts"}],"about":[{"href":"https:\/\/folhaderondonianews.com\/news\/wp-json\/wp\/v2\/types\/post"}],"author":[{"embeddable":true,"href":"https:\/\/folhaderondonianews.com\/news\/wp-json\/wp\/v2\/users\/1"}],"replies":[{"embeddable":true,"href":"https:\/\/folhaderondonianews.com\/news\/wp-json\/wp\/v2\/comments?post=38562"}],"version-history":[{"count":3,"href":"https:\/\/folhaderondonianews.com\/news\/wp-json\/wp\/v2\/posts\/38562\/revisions"}],"predecessor-version":[{"id":38566,"href":"https:\/\/folhaderondonianews.com\/news\/wp-json\/wp\/v2\/posts\/38562\/revisions\/38566"}],"wp:featuredmedia":[{"embeddable":true,"href":"https:\/\/folhaderondonianews.com\/news\/wp-json\/wp\/v2\/media\/38563"}],"wp:attachment":[{"href":"https:\/\/folhaderondonianews.com\/news\/wp-json\/wp\/v2\/media?parent=38562"}],"wp:term":[{"taxonomy":"category","embeddable":true,"href":"https:\/\/folhaderondonianews.com\/news\/wp-json\/wp\/v2\/categories?post=38562"},{"taxonomy":"post_tag","embeddable":true,"href":"https:\/\/folhaderondonianews.com\/news\/wp-json\/wp\/v2\/tags?post=38562"}],"curies":[{"name":"wp","href":"https:\/\/api.w.org\/{rel}","templated":true}]}}